{"id":705,"date":"2012-04-20T10:25:58","date_gmt":"2012-04-20T10:25:58","guid":{"rendered":"http:\/\/www1.herrera.unt.edu.ar\/facetinforma\/?p=705"},"modified":"2012-04-20T10:25:58","modified_gmt":"2012-04-20T10:25:58","slug":"becas-de-estimulo-a-las-vocaciones-cientificas-evc","status":"publish","type":"post","link":"https:\/\/www.facet.unt.edu.ar\/facetinforma\/2012\/04\/20\/becas-de-estimulo-a-las-vocaciones-cientificas-evc\/","title":{"rendered":"Becas de Est\u00edmulo a las Vocaciones Cient\u00edficas EVC"},"content":{"rendered":"<p><em><strong><span style=\"font-size: small\"><span style=\"font-family: Times New Roman\">Informaci\u00f3n adicional respecto de \u201cBecas de Est\u00edmulo a las Vocaciones Cient\u00edficas EVC\u201d <\/span><\/span><\/strong><\/em><\/p>\n<p style=\"text-align: justify\"><em><span style=\"font-size: small\"><span style=\"font-family: Times New Roman\">El Departamento de Ciencia y T\u00e9cnica de la FACET hace llegar por este medio informaci\u00f3n adicional respecto de las becas EVC a sus docentes\/investigadores y alumnos de grado.<\/span><\/span><\/em><\/p>\n<p style=\"text-align: justify\"><strong>Convocatoria<\/strong>: 18 de abril al 11 de mayo de 2012<\/p>\n<p style=\"text-align: justify\"><strong>Duraci\u00f3n de la Beca<\/strong>: 1 A\u00f1o<\/p>\n<p style=\"text-align: justify\"><strong>Estipendio<\/strong>: $900 mensuales<\/p>\n<p style=\"text-align: justify\"><strong>Requisitos de los Estudiantes<\/strong>:<\/p>\n<ul style=\"text-align: justify\">\n<li>Estudiantes Avanzados (50% de las materias del plan de estudio de la carrera que cursa)<\/li>\n<li>Hasta 28 a\u00f1os de edad<\/li>\n<li>Promedio de al menos seis (6) puntos (incluidos aplazos)<\/li>\n<li>Presentaci\u00f3n de plan de trabajo avalado por un director<\/li>\n<\/ul>\n<ul style=\"text-align: justify\">\n<li>Un alumno s\u00f3lo podr\u00e1 resultar beneficiado hasta con dos per\u00edodos.<\/li>\n<li>Al menos uno de los integrantes de la direcci\u00f3n debe poseer t\u00edtulo de Master o Doctor, o Categor\u00eda III o superior en el Programa Nacional de Incentivos; el otro solamente necesitar\u00e1 acreditar su participaci\u00f3n en un Proyecto acreditado<span style=\"font-size: small\">.<\/span><\/li>\n<li>Por lo menos uno de los miembros de la direcci\u00f3n debe poseer al menos una dedicaci\u00f3n m\u00ednima de 20 horas semanales.<\/li>\n<li>No se admitir\u00e1 la presentaci\u00f3n de un docente investigador con m\u00e1s de un postulante por convocatoria, sea en calidad de director o de codirector.<\/li>\n<\/ul>\n<div style=\"text-align: justify\"><strong><\/strong>\u00a0<\/div>\n<div style=\"text-align: justify\"><strong>Requisitos de los Directores<\/strong>:<\/div>\n<ul style=\"text-align: justify\">\n<li>Los becarios ser\u00e1n dirigidos por un director, quien podr\u00e1 estar acompa\u00f1ado por un codirector.<\/li>\n<\/ul>\n<div style=\"text-align: justify\"><strong><\/strong> <strong>IMPORTANTE:<\/strong> El formulario de Solicitud de Beca requiere la Conformidad de las Autoridades de la Facultad (Firmas de Decano y Secretar\u00eda Acad\u00e9mica). El Departamento de Ciencia y T\u00e9cnica recibir\u00e1 las solicitudes en original y copia para la firma.<\/div>\n<p style=\"text-align: justify\">Se adjuntan los documentos (Word) necesarios para realizar la presentaci\u00f3n:<\/p>\n<ul style=\"text-align: justify\">\n<li><a href=\"http:\/\/www.ct.unt.edu.ar\/becas\/cin2012\/Reglamento.doc\" target=\"_blank\">Reglamento y Bases de la Convocatoria 2012<\/a><\/li>\n<li><a href=\"https:\/\/www.facet.unt.edu.ar\/facetinforma\/wp-content\/uploads\/sites\/9\/2012\/04\/FORMULARIO-EVC-2012.pdf\" target=\"_blank\"><span style=\"text-decoration: underline\">Formulario de Solicitud de Beca<\/span><\/a><\/li>\n<li><a href=\"http:\/\/www.ct.unt.edu.ar\/becas\/cin2012\/Carta%20Aval%20Director%20Becas%20EVC.doc\" target=\"_blank\">Carta Aval del Director de Beca<\/a><\/li>\n<li><a href=\"http:\/\/www.ct.unt.edu.ar\/becas\/cin2012\/Cv%20DIRECTOR%20EVC%202012.doc\" target=\"_blank\">CV del Director<\/a><\/li>\n<\/ul>\n<div style=\"text-align: justify\">Para concluir el tr\u00e1mite, el formulario acompa\u00f1ado de toda la documentaci\u00f3n indicada en la Solicitud deber\u00e1\u00a0 presentarse en carpeta anillada, con tapas transparente en la Secretar\u00eda de Ciencia y T\u00e9cnica de la U.N.T., Buenos Aires 296.<\/div>\n<div><span style=\"color: #666666;font-family: times new roman,serif\">&#8212;&#8212;&#8212;&#8212;&#8212;&#8212;&#8212;&#8212;&#8212;&#8212;&#8211;<\/span><\/div>\n<div><span style=\"color: #666666;font-family: times new roman,serif\">Dra Myriam Herrera<\/span><\/div>\n<div><span style=\"color: #666666;font-family: times new roman,serif\">Directora<\/span><\/div>\n<div><span style=\"color: #666666;font-family: times new roman,serif\">Departamento de Ciencia y T\u00e9cnica<\/span><\/div>\n<div><span style=\"color: #666666;font-family: times new roman,serif\">FACET-UNT<\/span><\/div>\n<div><span style=\"color: #666666\"><span style=\"font-family: times new roman,serif\">&#8212;&#8212;&#8212;&#8212;&#8212;&#8212;&#8212;&#8212;&#8212;&#8212;&#8211;<\/span><\/span><\/div>\n","protected":false},"excerpt":{"rendered":"<p>Informaci\u00f3n adicional respecto de \u201cBecas de Est\u00edmulo a las Vocaciones Cient\u00edficas EVC\u201d El Departamento de Ciencia y T\u00e9cnica de la FACET hace llegar por este medio informaci\u00f3n adicional respecto de las becas EVC a sus docentes\/investigadores y alumnos de grado. Convocatoria: 18 de abril al 11 de mayo de 2012 Duraci\u00f3n de la Beca: 1 [&hellip;]<\/p>\n","protected":false},"author":6,"featured_media":0,"comment_status":"closed","ping_status":"open","sticky":false,"template":"","format":"standard","meta":[],"categories":[5],"tags":[],"_links":{"self":[{"href":"https:\/\/www.facet.unt.edu.ar\/facetinforma\/wp-json\/wp\/v2\/posts\/705"}],"collection":[{"href":"https:\/\/www.facet.unt.edu.ar\/facetinforma\/wp-json\/wp\/v2\/posts"}],"about":[{"href":"https:\/\/www.facet.unt.edu.ar\/facetinforma\/wp-json\/wp\/v2\/types\/post"}],"author":[{"embeddable":true,"href":"https:\/\/www.facet.unt.edu.ar\/facetinforma\/wp-json\/wp\/v2\/users\/6"}],"replies":[{"embeddable":true,"href":"https:\/\/www.facet.unt.edu.ar\/facetinforma\/wp-json\/wp\/v2\/comments?post=705"}],"version-history":[{"count":0,"href":"https:\/\/www.facet.unt.edu.ar\/facetinforma\/wp-json\/wp\/v2\/posts\/705\/revisions"}],"wp:attachment":[{"href":"https:\/\/www.facet.unt.edu.ar\/facetinforma\/wp-json\/wp\/v2\/media?parent=705"}],"wp:term":[{"taxonomy":"category","embeddable":true,"href":"https:\/\/www.facet.unt.edu.ar\/facetinforma\/wp-json\/wp\/v2\/categories?post=705"},{"taxonomy":"post_tag","embeddable":true,"href":"https:\/\/www.facet.unt.edu.ar\/facetinforma\/wp-json\/wp\/v2\/tags?post=705"}],"curies":[{"name":"wp","href":"https:\/\/api.w.org\/{rel}","templated":true}]}}