{"id":7138,"date":"2014-11-12T18:20:12","date_gmt":"2014-11-12T21:20:12","guid":{"rendered":"https:\/\/www.facet.unt.edu.ar\/facetinforma\/?p=7138"},"modified":"2014-11-12T18:20:41","modified_gmt":"2014-11-12T21:20:41","slug":"convocatoria-ypf-proyecto-estimulo-a-la-graduacion-y-pasantias","status":"publish","type":"post","link":"https:\/\/www.facet.unt.edu.ar\/facetinforma\/2014\/11\/12\/convocatoria-ypf-proyecto-estimulo-a-la-graduacion-y-pasantias\/","title":{"rendered":"Convocatoria YPF &#8211; Proyecto est\u00edmulo a la graduaci\u00f3n y pasant\u00edas"},"content":{"rendered":"<p>El Ministerio de Educaci\u00f3n de la Naci\u00f3n, YPF y la FYPF lanzan una convocatoria conjunta que promueve la finalizaci\u00f3n de las carreras relacionadas con la industria hidrocarbur\u00edfera y otorga, en forma simult\u00e1nea, una pr\u00e1ctica profesional que dote al joven de las competencias requeridas para asegurar su desarrollo.\u00a0\u00a0 <!--more--><\/p>\n<p>La convocatoria est\u00e1 destinada a alumnos avanzados de Universidades P\u00fablicas y Privadas.<\/p>\n<p>Inscripci\u00f3n y bases en: <a href=\"http:\/\/www.ypf-me.gob.ar\/\" target=\"_blank\">http:\/\/www.ypf-me.gob.ar\/<\/a><\/p>\n<div id=\"dc_vk_code\"><\/div>\n","protected":false},"excerpt":{"rendered":"<p>El Ministerio de Educaci\u00f3n de la Naci\u00f3n, YPF y la FYPF lanzan una convocatoria conjunta que promueve la finalizaci\u00f3n de las carreras relacionadas con la industria hidrocarbur\u00edfera y otorga, en forma simult\u00e1nea, una pr\u00e1ctica profesional que dote al joven de las competencias requeridas para asegurar su desarrollo.\u00a0\u00a0<\/p>\n","protected":false},"author":6,"featured_media":0,"comment_status":"closed","ping_status":"closed","sticky":false,"template":"","format":"standard","meta":[],"categories":[5],"tags":[],"_links":{"self":[{"href":"https:\/\/www.facet.unt.edu.ar\/facetinforma\/wp-json\/wp\/v2\/posts\/7138"}],"collection":[{"href":"https:\/\/www.facet.unt.edu.ar\/facetinforma\/wp-json\/wp\/v2\/posts"}],"about":[{"href":"https:\/\/www.facet.unt.edu.ar\/facetinforma\/wp-json\/wp\/v2\/types\/post"}],"author":[{"embeddable":true,"href":"https:\/\/www.facet.unt.edu.ar\/facetinforma\/wp-json\/wp\/v2\/users\/6"}],"replies":[{"embeddable":true,"href":"https:\/\/www.facet.unt.edu.ar\/facetinforma\/wp-json\/wp\/v2\/comments?post=7138"}],"version-history":[{"count":3,"href":"https:\/\/www.facet.unt.edu.ar\/facetinforma\/wp-json\/wp\/v2\/posts\/7138\/revisions"}],"predecessor-version":[{"id":7140,"href":"https:\/\/www.facet.unt.edu.ar\/facetinforma\/wp-json\/wp\/v2\/posts\/7138\/revisions\/7140"}],"wp:attachment":[{"href":"https:\/\/www.facet.unt.edu.ar\/facetinforma\/wp-json\/wp\/v2\/media?parent=7138"}],"wp:term":[{"taxonomy":"category","embeddable":true,"href":"https:\/\/www.facet.unt.edu.ar\/facetinforma\/wp-json\/wp\/v2\/categories?post=7138"},{"taxonomy":"post_tag","embeddable":true,"href":"https:\/\/www.facet.unt.edu.ar\/facetinforma\/wp-json\/wp\/v2\/tags?post=7138"}],"curies":[{"name":"wp","href":"https:\/\/api.w.org\/{rel}","templated":true}]}}