{"id":7149,"date":"2014-11-17T11:05:22","date_gmt":"2014-11-17T14:05:22","guid":{"rendered":"https:\/\/www.facet.unt.edu.ar\/facetinforma\/?p=7149"},"modified":"2014-11-17T11:05:22","modified_gmt":"2014-11-17T14:05:22","slug":"preseleccion-de-jovenes-profesionales-ypf-2014-3","status":"publish","type":"post","link":"https:\/\/www.facet.unt.edu.ar\/facetinforma\/2014\/11\/17\/preseleccion-de-jovenes-profesionales-ypf-2014-3\/","title":{"rendered":"Preselecci\u00f3n de J\u00f3venes Profesionales YPF 2014"},"content":{"rendered":"<p>La Facultad de Ciencias Exactas y Tecnolog\u00eda de la U.N.T. e Y.P.F. te invitan a participar de la Pre-selecci\u00f3n de J\u00f3venes Profesionales para sumar nuevos profesionales interesados en desarrollar su m\u00e1ximo potencial en la industria petrolera.\u00a0\u00a0 <!--more--><\/p>\n<p><span style=\"text-decoration: underline\">REQUISITO\/S<\/span>:<\/p>\n<ul>\n<li>Alumno\/as Avanzado\/as pr\u00f3ximos a Graduarse (hasta Marzo de 2015) \u00f3 Graduado\/as de las Carreras de Ingenier\u00eda El\u00e9ctrica, Ingenier\u00eda Electr\u00f3nica, Ingenier\u00eda Geod\u00e9sica y Geof\u00edsica, Ingenier\u00eda Mec\u00e1nica, Ingenier\u00eda Qu\u00edmica y Geolog\u00eda de la U.N.T.<\/li>\n<li>Disposici\u00f3n 100% para la movilidad.<\/li>\n<li>Fuerte orientaci\u00f3n a resultados.<\/li>\n<li>B\u00fasqueda desaf\u00edo profesional y personal.<\/li>\n<li>Adaptable a entornos desafiantes.<\/li>\n<\/ul>\n<p><strong>CHARLA: J\u00d3VENES PROFESIONALES.<\/strong><br \/>\n<strong>INSERCI\u00d3N EN LA INDUSTRIA DEL PETR\u00d3LEO Y GAS<\/strong><br \/>\n<strong>MARTES 25 DE NOVIEMBRE DE 2014 \u2013 09:00 HS.<\/strong><br \/>\n<strong>SALA DE MEDIOS AUDIOVISUALES (1\u00ba PISO \u2013 BLOCK 3)<\/strong><br \/>\n<strong>AV.INDEPENDENCIA 1800 \u2013 SAN MIGUEL DE TUCUM\u00c1N<\/strong><br \/>\n<strong>10:00 Hs.<\/strong> \u2013 Entrevista Individual breve.<br \/>\n<strong>12:00 Hs.<\/strong> \u2013 Examen.<br \/>\n<strong>13:30 Hs.<\/strong> \u2013 Correcci\u00f3n y preselecci\u00f3n de candidatos.<br \/>\n<strong>15:00 Hs.<\/strong> \u2013 Entrevistas T\u00e9cnicas y RRHH<br \/>\n<strong>16:30 Hs.<\/strong> \u2013 Psicot\u00e9cnicos.<br \/>\n<strong>26 y 27 de Noviembre de 2014 \u2013 desde las 08:00 hs.<\/strong> \u2013 Entrevistas T\u00e9cnicas y RRHH \/ Psicot\u00e9cnicos.<\/p>\n<p>Los interesados deben enviar su CV hasta el<strong> Jueves 20 de Noviembre de 2014<\/strong> a <a href=\"mailto:sae.facet@gmail.com\">sae.facet@gmail.com<\/a> destacando en el Asunto: \u201cYPF INGENIERIA&#8221; o \u201cYPF GEOLOGIA&#8221;, seg\u00fan corresponda.<\/p>\n<p>Adjuntar el CV con el formato: DNI-NombreCompleto.doc \u00f3 DNI-NombreCompleto.pdf. Ejemplo: 12345678-MarianaGarcia.xls<\/p>\n<p>IMPORTANTE: NO SE RECIBIR\u00c1N ARCHIVOS DE M\u00c1S DE 500 KB.<\/p>\n<p>Atentamente,<\/p>\n<p>&#8212;<br \/>\nIng. Marcelo Emilio Leiva<br \/>\nCoordinador de Becas y Pasant\u00edas<br \/>\nSecretar\u00eda de Bienestar Estudiantil<br \/>\nFACET &#8211; UNT<\/p>\n","protected":false},"excerpt":{"rendered":"<p>La Facultad de Ciencias Exactas y Tecnolog\u00eda de la U.N.T. e Y.P.F. te invitan a participar de la Pre-selecci\u00f3n de J\u00f3venes Profesionales para sumar nuevos profesionales interesados en desarrollar su m\u00e1ximo potencial en la industria petrolera.\u00a0\u00a0<\/p>\n","protected":false},"author":6,"featured_media":0,"comment_status":"closed","ping_status":"closed","sticky":false,"template":"","format":"standard","meta":[],"categories":[5,6],"tags":[],"_links":{"self":[{"href":"https:\/\/www.facet.unt.edu.ar\/facetinforma\/wp-json\/wp\/v2\/posts\/7149"}],"collection":[{"href":"https:\/\/www.facet.unt.edu.ar\/facetinforma\/wp-json\/wp\/v2\/posts"}],"about":[{"href":"https:\/\/www.facet.unt.edu.ar\/facetinforma\/wp-json\/wp\/v2\/types\/post"}],"author":[{"embeddable":true,"href":"https:\/\/www.facet.unt.edu.ar\/facetinforma\/wp-json\/wp\/v2\/users\/6"}],"replies":[{"embeddable":true,"href":"https:\/\/www.facet.unt.edu.ar\/facetinforma\/wp-json\/wp\/v2\/comments?post=7149"}],"version-history":[{"count":2,"href":"https:\/\/www.facet.unt.edu.ar\/facetinforma\/wp-json\/wp\/v2\/posts\/7149\/revisions"}],"predecessor-version":[{"id":7151,"href":"https:\/\/www.facet.unt.edu.ar\/facetinforma\/wp-json\/wp\/v2\/posts\/7149\/revisions\/7151"}],"wp:attachment":[{"href":"https:\/\/www.facet.unt.edu.ar\/facetinforma\/wp-json\/wp\/v2\/media?parent=7149"}],"wp:term":[{"taxonomy":"category","embeddable":true,"href":"https:\/\/www.facet.unt.edu.ar\/facetinforma\/wp-json\/wp\/v2\/categories?post=7149"},{"taxonomy":"post_tag","embeddable":true,"href":"https:\/\/www.facet.unt.edu.ar\/facetinforma\/wp-json\/wp\/v2\/tags?post=7149"}],"curies":[{"name":"wp","href":"https:\/\/api.w.org\/{rel}","templated":true}]}}