{"id":726,"date":"2012-04-25T16:37:37","date_gmt":"2012-04-25T16:37:37","guid":{"rendered":"http:\/\/www1.herrera.unt.edu.ar\/facetinforma\/?p=726"},"modified":"2012-04-25T16:37:37","modified_gmt":"2012-04-25T16:37:37","slug":"reunion-convocatoria-2012","status":"publish","type":"post","link":"https:\/\/www.facet.unt.edu.ar\/facetinforma\/2012\/04\/25\/reunion-convocatoria-2012\/","title":{"rendered":"Reuni\u00f3n Convocatoria 2012"},"content":{"rendered":"<p>Estimados docentes:<\/p>\n<p style=\"text-align: justify\">En esta oportunidad nos comunicamos con Uds.\u00a0a fin de\u00a0invitar a todos los interesados en\u00a0presentarse en la Convocatoria 2012,\u00a0a participar de una reuni\u00f3n a realizarse el pr\u00f3ximo 02 de mayo del corriente a\u00f1o en la sala &#8220;Osvaldo Fassolo&#8221; del 1er piso del Centro Cultural Virla de 11 a 13 horas. El objetivo de la misma es que puedan llevar y plantear todas las dudas que tengan en relaci\u00f3n a la presentaci\u00f3n del Proyecto de Convocatoria 2012.<\/p>\n<p style=\"text-align: justify\">Agradecemos que quienes est\u00e9n interesados en participar, nos confirmen su\u00a0presencia a la siguiente direcci\u00f3n de correo: <a href=\"voluntariado@se.unt.edu.ar\">voluntariado@se.unt.edu.ar<\/a><\/p>\n<p>Saludos cordiales.<\/p>\n<h6>&#8212;<br \/><span style=\"font-size: x-small;font-family: times new roman,times\">Programa de Voluntariado Universitario y Pasant\u00edas Sociales<\/span><br \/><span style=\"font-size: x-small;font-family: times new roman,times\"> Secretar\u00eda de Extensi\u00f3n Universitaria<\/span><br \/><span style=\"font-size: x-small;font-family: times new roman,times\"> Universidad Nacional de Tucum\u00e1n<\/span><\/h6>\n","protected":false},"excerpt":{"rendered":"<p>Estimados docentes: En esta oportunidad nos comunicamos con Uds.\u00a0a fin de\u00a0invitar a todos los interesados en\u00a0presentarse en la Convocatoria 2012,\u00a0a participar de una reuni\u00f3n a realizarse el pr\u00f3ximo 02 de mayo del corriente a\u00f1o en la sala &#8220;Osvaldo Fassolo&#8221; del 1er piso del Centro Cultural Virla de 11 a 13 horas. El objetivo de la [&hellip;]<\/p>\n","protected":false},"author":6,"featured_media":0,"comment_status":"closed","ping_status":"open","sticky":false,"template":"","format":"standard","meta":[],"categories":[5],"tags":[],"_links":{"self":[{"href":"https:\/\/www.facet.unt.edu.ar\/facetinforma\/wp-json\/wp\/v2\/posts\/726"}],"collection":[{"href":"https:\/\/www.facet.unt.edu.ar\/facetinforma\/wp-json\/wp\/v2\/posts"}],"about":[{"href":"https:\/\/www.facet.unt.edu.ar\/facetinforma\/wp-json\/wp\/v2\/types\/post"}],"author":[{"embeddable":true,"href":"https:\/\/www.facet.unt.edu.ar\/facetinforma\/wp-json\/wp\/v2\/users\/6"}],"replies":[{"embeddable":true,"href":"https:\/\/www.facet.unt.edu.ar\/facetinforma\/wp-json\/wp\/v2\/comments?post=726"}],"version-history":[{"count":0,"href":"https:\/\/www.facet.unt.edu.ar\/facetinforma\/wp-json\/wp\/v2\/posts\/726\/revisions"}],"wp:attachment":[{"href":"https:\/\/www.facet.unt.edu.ar\/facetinforma\/wp-json\/wp\/v2\/media?parent=726"}],"wp:term":[{"taxonomy":"category","embeddable":true,"href":"https:\/\/www.facet.unt.edu.ar\/facetinforma\/wp-json\/wp\/v2\/categories?post=726"},{"taxonomy":"post_tag","embeddable":true,"href":"https:\/\/www.facet.unt.edu.ar\/facetinforma\/wp-json\/wp\/v2\/tags?post=726"}],"curies":[{"name":"wp","href":"https:\/\/api.w.org\/{rel}","templated":true}]}}