{"id":7267,"date":"2014-12-11T12:37:14","date_gmt":"2014-12-11T15:37:14","guid":{"rendered":"https:\/\/www.facet.unt.edu.ar\/facetinforma\/?p=7267"},"modified":"2014-12-11T12:39:18","modified_gmt":"2014-12-11T15:39:18","slug":"jornadas-2014-en-ingenieria-electrica-electronica-y-computacion","status":"publish","type":"post","link":"https:\/\/www.facet.unt.edu.ar\/facetinforma\/2014\/12\/11\/jornadas-2014-en-ingenieria-electrica-electronica-y-computacion\/","title":{"rendered":"Jornadas 2014 en Ingenier\u00eda El\u00e9ctrica, Electr\u00f3nica y Computaci\u00f3n"},"content":{"rendered":"<p>El viernes 12 de Diciembre se realizar\u00e1n las \u201cJornadas 2014 en Ingenier\u00eda El\u00e9ctrica, Electr\u00f3nica y Computaci\u00f3n\u201d, en el \u00e1mbito del DEEC de esta Facultad, Block 1, 3\u00ba Piso, aulas 1-3-14 \/15. Estas jornadas tienen la finalidad de reunir a los docentes de la especialidad para\u00a0compartir sus experiencias en investigaci\u00f3n, docencia, posgrado, becas, extensi\u00f3n, y todo aquello en lo que dedicaron sus esfuerzos durante todo el a\u00f1o. Los trabajos presentados ser\u00e1n publicados en soporte magn\u00e9tico y electr\u00f3nico. \u00a0\u00a0<!--more--><\/p>\n<p>Las actividades comenzar\u00e1n a las 8:30 hs con la inscripci\u00f3n de los participantes.<\/p>\n<p>Para acceder al programa de las Jornadas, seleccione <a href=\"https:\/\/www.facet.unt.edu.ar\/facetinforma\/wp-content\/uploads\/sites\/9\/2014\/12\/JORNADAS-2014-EN-IEEYC_PROGRAMA.pdf\" target=\"_blank\">aqu\u00ed<\/a>.<\/p>\n","protected":false},"excerpt":{"rendered":"<p>El viernes 12 de Diciembre se realizar\u00e1n las \u201cJornadas 2014 en Ingenier\u00eda El\u00e9ctrica, Electr\u00f3nica y Computaci\u00f3n\u201d, en el \u00e1mbito del DEEC de esta Facultad, Block 1, 3\u00ba Piso, aulas 1-3-14 \/15. Estas jornadas tienen la finalidad de reunir a los docentes de la especialidad para\u00a0compartir sus experiencias en investigaci\u00f3n, docencia, posgrado, becas, extensi\u00f3n, y todo [&hellip;]<\/p>\n","protected":false},"author":6,"featured_media":0,"comment_status":"closed","ping_status":"closed","sticky":false,"template":"","format":"standard","meta":[],"categories":[5],"tags":[],"_links":{"self":[{"href":"https:\/\/www.facet.unt.edu.ar\/facetinforma\/wp-json\/wp\/v2\/posts\/7267"}],"collection":[{"href":"https:\/\/www.facet.unt.edu.ar\/facetinforma\/wp-json\/wp\/v2\/posts"}],"about":[{"href":"https:\/\/www.facet.unt.edu.ar\/facetinforma\/wp-json\/wp\/v2\/types\/post"}],"author":[{"embeddable":true,"href":"https:\/\/www.facet.unt.edu.ar\/facetinforma\/wp-json\/wp\/v2\/users\/6"}],"replies":[{"embeddable":true,"href":"https:\/\/www.facet.unt.edu.ar\/facetinforma\/wp-json\/wp\/v2\/comments?post=7267"}],"version-history":[{"count":3,"href":"https:\/\/www.facet.unt.edu.ar\/facetinforma\/wp-json\/wp\/v2\/posts\/7267\/revisions"}],"predecessor-version":[{"id":7271,"href":"https:\/\/www.facet.unt.edu.ar\/facetinforma\/wp-json\/wp\/v2\/posts\/7267\/revisions\/7271"}],"wp:attachment":[{"href":"https:\/\/www.facet.unt.edu.ar\/facetinforma\/wp-json\/wp\/v2\/media?parent=7267"}],"wp:term":[{"taxonomy":"category","embeddable":true,"href":"https:\/\/www.facet.unt.edu.ar\/facetinforma\/wp-json\/wp\/v2\/categories?post=7267"},{"taxonomy":"post_tag","embeddable":true,"href":"https:\/\/www.facet.unt.edu.ar\/facetinforma\/wp-json\/wp\/v2\/tags?post=7267"}],"curies":[{"name":"wp","href":"https:\/\/api.w.org\/{rel}","templated":true}]}}