{"id":7412,"date":"2015-02-24T13:23:39","date_gmt":"2015-02-24T16:23:39","guid":{"rendered":"https:\/\/www.facet.unt.edu.ar\/facetinforma\/?p=7412"},"modified":"2015-02-24T13:27:58","modified_gmt":"2015-02-24T16:27:58","slug":"convocatoria-9no-taller-sobre-sistemas-embebidos","status":"publish","type":"post","link":"https:\/\/www.facet.unt.edu.ar\/facetinforma\/2015\/02\/24\/convocatoria-9no-taller-sobre-sistemas-embebidos\/","title":{"rendered":"Convocatoria 9no Taller sobre Sistemas Embebidos"},"content":{"rendered":"<p>El Consejo Federal de Decanos de Ingenier\u00eda \u2013 CONFEDI, con la cooperaci\u00f3n de la Asociaci\u00f3n Civil para la Investigaci\u00f3n, Promoci\u00f3n y Desarrollo de Sistemas Electr\u00f3nicos Embebidos y la Red Universitaria de Sistemas Embebidos (RUSE), invita a Ud. a participar del <strong>9no Taller CONFEDI de Sistemas Embebidos <\/strong>que se realizar\u00e1 el d\u00eda <strong>06 de Marzo<\/strong>, en la Facultad de Ingenier\u00eda de la Universidad de Buenos Aires (UBA)<strong>, <\/strong>sita en Paseo Col\u00f3n 950, Capital Federal, Bueno Aires, con el objetivo de socializar las propuestas de los Representantes Titulares o Suplentes de Unidades Acad\u00e9micas miembros de la RUSE.\u00a0\u00a0 <!--more--><\/p>\n<p><strong>Hora: <\/strong>de 10 a 18 horas.<\/p>\n<p><strong>La participaci\u00f3n es libre y gratuita.<\/strong><\/p>\n<p><strong><span style=\"text-decoration: underline\">Objetivos<\/span>:<\/strong><\/p>\n<ul>\n<li>Fortalecer la vinculaci\u00f3n entre las Unidades Acad\u00e9micas pertenecientes a la Red en vistas a mejorar la calidad en la ense\u00f1anza de los Sistemas Embebidos.<\/li>\n<li>\uf020Trabajar sobre el desarrollo de herramientas que permitan fomentar la ense\u00f1anza y aplicaci\u00f3n de los Sistemas Embebidos.<\/li>\n<li>\uf020Fomentar la vinculaci\u00f3n de la Universidad con la Industria a partir del desarrollo de contenidos que faciliten el dise\u00f1o e implementaci\u00f3n de aplicaciones Sistemas Embebidos.<\/li>\n<\/ul>\n<p><strong>Participantes:<\/strong><\/p>\n<ul>\n<li>Representantes por cada una de las Universidades que integran el CONFEDI.<\/li>\n<li>Representantes de la Red de Ingenier\u00edas en Computaci\u00f3n del CONFEDI, RUNIC.<\/li>\n<li>Representantes de la Red de Ingenier\u00eda Electr\u00f3nica del CONFEDI, RUIE.<\/li>\n<li>Integrantes de la Red Universitaria de Sistemas Embebidos (RUSE)<\/li>\n<\/ul>\n<p><strong>Cronograma de actividades<\/strong><\/p>\n<p>&#8211; <strong>10:00 a 13:30<\/strong><\/p>\n<ul>\n<li>Temario de cursos y Organizaci\u00f3n de la 4ta Escuela de Sistemas Embebidos.<\/li>\n<li>Financiamiento y aspectos generales de la organizaci\u00f3n de las Escuelas de 2015.<\/li>\n<li>Proyecto CIAA, avances y estado del proyecto.<\/li>\n<li>Curso Virtual: Desarrollo de Aplicaciones sobre la EDU-CIAA<\/li>\n<li>Discutir sobre alternativas para implementar un sistema de Educaci\u00f3n a Distancia en la tem\u00e1tica de Sistemas Embebidos (MOOC, Videos, Aulas Virtuales, RRHH especializado).<\/li>\n<\/ul>\n<p><strong>13:30 a 14:30<\/strong> Almuerzo<\/p>\n<p><strong>14:30 a 18:00<\/strong><\/p>\n<ul>\n<li>Programa de Dise\u00f1o de Trabajos Pr\u00e1cticos de Laboratorio basados en la CIAA.<\/li>\n<li>Plan Federal de Formaci\u00f3n en Dise\u00f1o y Desarrollo de Sistemas Embebidos.<br \/>\nRUSE y Organizaci\u00f3n SASE 2015: Concursos Estudiantiles, Programa de Equipamiento a Universidades, CASE, etc.<\/li>\n<\/ul>\n","protected":false},"excerpt":{"rendered":"<p>El Consejo Federal de Decanos de Ingenier\u00eda \u2013 CONFEDI, con la cooperaci\u00f3n de la Asociaci\u00f3n Civil para la Investigaci\u00f3n, Promoci\u00f3n y Desarrollo de Sistemas Electr\u00f3nicos Embebidos y la Red Universitaria de Sistemas Embebidos (RUSE), invita a Ud. a participar del 9no Taller CONFEDI de Sistemas Embebidos que se realizar\u00e1 el d\u00eda 06 de Marzo, en [&hellip;]<\/p>\n","protected":false},"author":6,"featured_media":0,"comment_status":"closed","ping_status":"closed","sticky":false,"template":"","format":"standard","meta":[],"categories":[5],"tags":[],"_links":{"self":[{"href":"https:\/\/www.facet.unt.edu.ar\/facetinforma\/wp-json\/wp\/v2\/posts\/7412"}],"collection":[{"href":"https:\/\/www.facet.unt.edu.ar\/facetinforma\/wp-json\/wp\/v2\/posts"}],"about":[{"href":"https:\/\/www.facet.unt.edu.ar\/facetinforma\/wp-json\/wp\/v2\/types\/post"}],"author":[{"embeddable":true,"href":"https:\/\/www.facet.unt.edu.ar\/facetinforma\/wp-json\/wp\/v2\/users\/6"}],"replies":[{"embeddable":true,"href":"https:\/\/www.facet.unt.edu.ar\/facetinforma\/wp-json\/wp\/v2\/comments?post=7412"}],"version-history":[{"count":3,"href":"https:\/\/www.facet.unt.edu.ar\/facetinforma\/wp-json\/wp\/v2\/posts\/7412\/revisions"}],"predecessor-version":[{"id":7415,"href":"https:\/\/www.facet.unt.edu.ar\/facetinforma\/wp-json\/wp\/v2\/posts\/7412\/revisions\/7415"}],"wp:attachment":[{"href":"https:\/\/www.facet.unt.edu.ar\/facetinforma\/wp-json\/wp\/v2\/media?parent=7412"}],"wp:term":[{"taxonomy":"category","embeddable":true,"href":"https:\/\/www.facet.unt.edu.ar\/facetinforma\/wp-json\/wp\/v2\/categories?post=7412"},{"taxonomy":"post_tag","embeddable":true,"href":"https:\/\/www.facet.unt.edu.ar\/facetinforma\/wp-json\/wp\/v2\/tags?post=7412"}],"curies":[{"name":"wp","href":"https:\/\/api.w.org\/{rel}","templated":true}]}}