{"id":7462,"date":"2015-03-02T11:23:54","date_gmt":"2015-03-02T14:23:54","guid":{"rendered":"https:\/\/www.facet.unt.edu.ar\/facetinforma\/?p=7462"},"modified":"2015-03-02T12:58:08","modified_gmt":"2015-03-02T15:58:08","slug":"recordatorio-x-jornadas-de-ciencia-y-tecnologia-del-noa","status":"publish","type":"post","link":"https:\/\/www.facet.unt.edu.ar\/facetinforma\/2015\/03\/02\/recordatorio-x-jornadas-de-ciencia-y-tecnologia-del-noa\/","title":{"rendered":"Recordatorio X Jornadas de Ciencia y Tecnolog\u00eda del NOA"},"content":{"rendered":"<p><strong>Pr\u00f3rroga del plazo para el env\u00edo de los trabajos<\/strong><br \/>\nDebido a numerosos pedidos y a ra\u00edz de que muchos investigadores reci\u00e9n se est\u00e1n reintegrando a sus funciones luego de la licencia anual reglamentaria, el Comit\u00e9 Organizador de las X Jornadas de Ciencia y Tecnolog\u00eda del NOA ha decidido prorrogar el plazo para el env\u00edo de los trabajos hasta el <strong>15 de marzo <\/strong>pr\u00f3ximo. Se deja aclarado que por razones organizativas no habr\u00e1 m\u00e1s prorroga, siendo este el \u00faltimo plazo.<\/p>\n<p>Se sugiere ver &#8220;fecha importantes&#8221; en <a href=\"http:\/\/www.unsa.edu.ar\/jcyt\" target=\"_blank\">http:\/\/www.unsa.edu.ar\/jcyt<\/a><\/p>\n","protected":false},"excerpt":{"rendered":"<p>Pr\u00f3rroga del plazo para el env\u00edo de los trabajos Debido a numerosos pedidos y a ra\u00edz de que muchos investigadores reci\u00e9n se est\u00e1n reintegrando a sus funciones luego de la licencia anual reglamentaria, el Comit\u00e9 Organizador de las X Jornadas de Ciencia y Tecnolog\u00eda del NOA ha decidido prorrogar el plazo para el env\u00edo de [&hellip;]<\/p>\n","protected":false},"author":6,"featured_media":0,"comment_status":"closed","ping_status":"closed","sticky":false,"template":"","format":"standard","meta":[],"categories":[5],"tags":[],"_links":{"self":[{"href":"https:\/\/www.facet.unt.edu.ar\/facetinforma\/wp-json\/wp\/v2\/posts\/7462"}],"collection":[{"href":"https:\/\/www.facet.unt.edu.ar\/facetinforma\/wp-json\/wp\/v2\/posts"}],"about":[{"href":"https:\/\/www.facet.unt.edu.ar\/facetinforma\/wp-json\/wp\/v2\/types\/post"}],"author":[{"embeddable":true,"href":"https:\/\/www.facet.unt.edu.ar\/facetinforma\/wp-json\/wp\/v2\/users\/6"}],"replies":[{"embeddable":true,"href":"https:\/\/www.facet.unt.edu.ar\/facetinforma\/wp-json\/wp\/v2\/comments?post=7462"}],"version-history":[{"count":4,"href":"https:\/\/www.facet.unt.edu.ar\/facetinforma\/wp-json\/wp\/v2\/posts\/7462\/revisions"}],"predecessor-version":[{"id":7465,"href":"https:\/\/www.facet.unt.edu.ar\/facetinforma\/wp-json\/wp\/v2\/posts\/7462\/revisions\/7465"}],"wp:attachment":[{"href":"https:\/\/www.facet.unt.edu.ar\/facetinforma\/wp-json\/wp\/v2\/media?parent=7462"}],"wp:term":[{"taxonomy":"category","embeddable":true,"href":"https:\/\/www.facet.unt.edu.ar\/facetinforma\/wp-json\/wp\/v2\/categories?post=7462"},{"taxonomy":"post_tag","embeddable":true,"href":"https:\/\/www.facet.unt.edu.ar\/facetinforma\/wp-json\/wp\/v2\/tags?post=7462"}],"curies":[{"name":"wp","href":"https:\/\/api.w.org\/{rel}","templated":true}]}}