{"id":7487,"date":"2015-03-06T18:18:15","date_gmt":"2015-03-06T21:18:15","guid":{"rendered":"https:\/\/www.facet.unt.edu.ar\/facetinforma\/?p=7487"},"modified":"2015-03-06T18:19:06","modified_gmt":"2015-03-06T21:19:06","slug":"lunes-0903-clausura-transitoria-de-estacionamiento","status":"publish","type":"post","link":"https:\/\/www.facet.unt.edu.ar\/facetinforma\/2015\/03\/06\/lunes-0903-clausura-transitoria-de-estacionamiento\/","title":{"rendered":"Lunes 09\/03 &#8211; Clausura Transitoria de Estacionamiento"},"content":{"rendered":"<p>Se informa a la comunidad de la FACET, que el d\u00eda <strong>lunes 09 de Marzo<\/strong> no se podr\u00e1 acceder al sector de estacionamiento ubicado entre la Facultad de Ciencias Econ\u00f3micas y el sector de Intendencia, en el horario de 08:00 a 18:00 hs., debido a que hoy no se realizaron las tareas previstas por problemas de log\u00edstica de la Empresa Contratista, los cuales son ajenos a la Facultad.<\/p>\n<p>Agradecemos su importante colaboraci\u00f3n.<\/p>\n","protected":false},"excerpt":{"rendered":"<p>Se informa a la comunidad de la FACET, que el d\u00eda lunes 09 de Marzo no se podr\u00e1 acceder al sector de estacionamiento ubicado entre la Facultad de Ciencias Econ\u00f3micas y el sector de Intendencia, en el horario de 08:00 a 18:00 hs., debido a que hoy no se realizaron las tareas previstas por problemas [&hellip;]<\/p>\n","protected":false},"author":6,"featured_media":0,"comment_status":"closed","ping_status":"closed","sticky":false,"template":"","format":"standard","meta":[],"categories":[5],"tags":[],"_links":{"self":[{"href":"https:\/\/www.facet.unt.edu.ar\/facetinforma\/wp-json\/wp\/v2\/posts\/7487"}],"collection":[{"href":"https:\/\/www.facet.unt.edu.ar\/facetinforma\/wp-json\/wp\/v2\/posts"}],"about":[{"href":"https:\/\/www.facet.unt.edu.ar\/facetinforma\/wp-json\/wp\/v2\/types\/post"}],"author":[{"embeddable":true,"href":"https:\/\/www.facet.unt.edu.ar\/facetinforma\/wp-json\/wp\/v2\/users\/6"}],"replies":[{"embeddable":true,"href":"https:\/\/www.facet.unt.edu.ar\/facetinforma\/wp-json\/wp\/v2\/comments?post=7487"}],"version-history":[{"count":1,"href":"https:\/\/www.facet.unt.edu.ar\/facetinforma\/wp-json\/wp\/v2\/posts\/7487\/revisions"}],"predecessor-version":[{"id":7488,"href":"https:\/\/www.facet.unt.edu.ar\/facetinforma\/wp-json\/wp\/v2\/posts\/7487\/revisions\/7488"}],"wp:attachment":[{"href":"https:\/\/www.facet.unt.edu.ar\/facetinforma\/wp-json\/wp\/v2\/media?parent=7487"}],"wp:term":[{"taxonomy":"category","embeddable":true,"href":"https:\/\/www.facet.unt.edu.ar\/facetinforma\/wp-json\/wp\/v2\/categories?post=7487"},{"taxonomy":"post_tag","embeddable":true,"href":"https:\/\/www.facet.unt.edu.ar\/facetinforma\/wp-json\/wp\/v2\/tags?post=7487"}],"curies":[{"name":"wp","href":"https:\/\/api.w.org\/{rel}","templated":true}]}}