{"id":7517,"date":"2015-03-11T10:00:54","date_gmt":"2015-03-11T13:00:54","guid":{"rendered":"https:\/\/www.facet.unt.edu.ar\/facetinforma\/?p=7517"},"modified":"2015-03-11T10:50:47","modified_gmt":"2015-03-11T13:50:47","slug":"prototipo-diccionario-de-lengua-de-senas-de-tucuman-invitacion","status":"publish","type":"post","link":"https:\/\/www.facet.unt.edu.ar\/facetinforma\/2015\/03\/11\/prototipo-diccionario-de-lengua-de-senas-de-tucuman-invitacion\/","title":{"rendered":"Prototipo del \u201cDiccionario de Lengua de Se\u00f1as de Tucum\u00e1n\u201d &#8211; Invitaci\u00f3n"},"content":{"rendered":"<p style=\"text-align: center\"><strong>C\u00e1tedra Laboratorio II \u2013 Licenciatura en Inform\u00e1tica<\/strong><\/p>\n<p>Se invita a la presentaci\u00f3n del prototipo del <strong>Diccionario de Lengua de Se\u00f1as de Tucum\u00e1n<\/strong>, el sitio web de la Asociaci\u00f3n \u201c<strong><em>Comunidad LSA<\/em><\/strong>\u201d y su aplicaci\u00f3n para tel\u00e9fonos m\u00f3viles y tabletas. Desarrollado por alumnos de la carrera de Licenciatura en Inform\u00e1tica, como trabajo final de la asignatura Laboratorio II.\u00a0\u00a0 <!--more--><\/p>\n<p><strong>Lugar<\/strong>: Laboratorio de Medios Audiovisuales (LAMAV) de la Facultad de Ciencias Exactas y Tecnolog\u00eda (FACET)<\/p>\n<p><strong>Fecha<\/strong>: 11 de Marzo de 2015 a hs. 11.<\/p>\n<p><strong>Proyectos intervinientes<\/strong>: \u201cAcciones Complementarias Becas Bicentenario\u201d &#8211; <strong>CIUNT<\/strong>: \u201cLos alumnos con discapacidad en la UNT. Pr\u00e1cticas inclusivas y accesibilidad acad\u00e9mica\u201d \u2013 <strong>Auspiciado por<\/strong>: Secretar\u00eda de Gesti\u00f3n y Extensi\u00f3n \u2013 FACET.<\/p>\n<p><a href=\"https:\/\/www.facet.unt.edu.ar\/facetinforma\/wp-content\/uploads\/sites\/9\/2015\/03\/unnamed.png\"><img decoding=\"async\" loading=\"lazy\" class=\"aligncenter size-full wp-image-7521\" src=\"https:\/\/www.facet.unt.edu.ar\/facetinforma\/wp-content\/uploads\/sites\/9\/2015\/03\/unnamed.png\" alt=\"unnamed\" width=\"267\" height=\"121\" \/><\/a><\/p>\n","protected":false},"excerpt":{"rendered":"<p>C\u00e1tedra Laboratorio II \u2013 Licenciatura en Inform\u00e1tica Se invita a la presentaci\u00f3n del prototipo del Diccionario de Lengua de Se\u00f1as de Tucum\u00e1n, el sitio web de la Asociaci\u00f3n \u201cComunidad LSA\u201d y su aplicaci\u00f3n para tel\u00e9fonos m\u00f3viles y tabletas. Desarrollado por alumnos de la carrera de Licenciatura en Inform\u00e1tica, como trabajo final de la asignatura Laboratorio [&hellip;]<\/p>\n","protected":false},"author":6,"featured_media":0,"comment_status":"closed","ping_status":"closed","sticky":false,"template":"","format":"standard","meta":[],"categories":[5],"tags":[],"_links":{"self":[{"href":"https:\/\/www.facet.unt.edu.ar\/facetinforma\/wp-json\/wp\/v2\/posts\/7517"}],"collection":[{"href":"https:\/\/www.facet.unt.edu.ar\/facetinforma\/wp-json\/wp\/v2\/posts"}],"about":[{"href":"https:\/\/www.facet.unt.edu.ar\/facetinforma\/wp-json\/wp\/v2\/types\/post"}],"author":[{"embeddable":true,"href":"https:\/\/www.facet.unt.edu.ar\/facetinforma\/wp-json\/wp\/v2\/users\/6"}],"replies":[{"embeddable":true,"href":"https:\/\/www.facet.unt.edu.ar\/facetinforma\/wp-json\/wp\/v2\/comments?post=7517"}],"version-history":[{"count":4,"href":"https:\/\/www.facet.unt.edu.ar\/facetinforma\/wp-json\/wp\/v2\/posts\/7517\/revisions"}],"predecessor-version":[{"id":7523,"href":"https:\/\/www.facet.unt.edu.ar\/facetinforma\/wp-json\/wp\/v2\/posts\/7517\/revisions\/7523"}],"wp:attachment":[{"href":"https:\/\/www.facet.unt.edu.ar\/facetinforma\/wp-json\/wp\/v2\/media?parent=7517"}],"wp:term":[{"taxonomy":"category","embeddable":true,"href":"https:\/\/www.facet.unt.edu.ar\/facetinforma\/wp-json\/wp\/v2\/categories?post=7517"},{"taxonomy":"post_tag","embeddable":true,"href":"https:\/\/www.facet.unt.edu.ar\/facetinforma\/wp-json\/wp\/v2\/tags?post=7517"}],"curies":[{"name":"wp","href":"https:\/\/api.w.org\/{rel}","templated":true}]}}