{"id":7581,"date":"2015-03-16T18:31:38","date_gmt":"2015-03-16T21:31:38","guid":{"rendered":"https:\/\/www.facet.unt.edu.ar\/facetinforma\/?p=7581"},"modified":"2015-03-16T18:31:38","modified_gmt":"2015-03-16T21:31:38","slug":"curso-el-pensamiento-estrategico-y-la-toma-de-decisiones","status":"publish","type":"post","link":"https:\/\/www.facet.unt.edu.ar\/facetinforma\/2015\/03\/16\/curso-el-pensamiento-estrategico-y-la-toma-de-decisiones\/","title":{"rendered":"Curso \u201cEl Pensamiento Estrat\u00e9gico y la Toma de Decisiones\u201d"},"content":{"rendered":"<p>El curso \u201cEl Pensamiento Estrat\u00e9gico y la Toma de Decisiones\u201d se llevar\u00e1 a cabo los d\u00edas 17 y 18 de Abril del corriente a\u00f1o en la Sala de Audiovisuales, FACET, Av. Independencia 1800. El mismo est\u00e1 dirigido a: ingenieros, graduados en Ciencias Econ\u00f3micas, profesionales que desempe\u00f1en sus funciones en cargos gerenciales y de direcci\u00f3n en entidades p\u00fablicas y privadas. Directivos y profesionales vinculados a la asesor\u00eda en direcci\u00f3n de empresas y docentes universitarios.\u00a0 <!--more--><\/p>\n<p><span style=\"text-decoration: underline\">Docentes<\/span>:<br \/>\nDr. Osvaldo Meloni<br \/>\nLic. Jos\u00e9 Bercoff<\/p>\n<p><span style=\"text-decoration: underline\">Horarios<\/span>:<br \/>\nD\u00eda 17: 09:00 a 13:00 Hs. y 15:00 a 19:00 Hs<br \/>\nD\u00eda 18: 09:00 a 13:00 Hs<\/p>\n<p><a href=\"https:\/\/www.facet.unt.edu.ar\/facetinforma\/wp-content\/uploads\/sites\/9\/2015\/03\/Afiche-Pensamiento-Estrategico.jpg\" target=\"_blank\"><img decoding=\"async\" loading=\"lazy\" class=\"aligncenter wp-image-7582\" src=\"https:\/\/www.facet.unt.edu.ar\/facetinforma\/wp-content\/uploads\/sites\/9\/2015\/03\/Afiche-Pensamiento-Estrategico-722x1024.jpg\" alt=\"Afiche Pensamiento Estrategico\" width=\"502\" height=\"712\" srcset=\"https:\/\/www.facet.unt.edu.ar\/facetinforma\/wp-content\/uploads\/sites\/9\/2015\/03\/Afiche-Pensamiento-Estrategico-722x1024.jpg 722w, https:\/\/www.facet.unt.edu.ar\/facetinforma\/wp-content\/uploads\/sites\/9\/2015\/03\/Afiche-Pensamiento-Estrategico-211x300.jpg 211w\" sizes=\"(max-width: 502px) 100vw, 502px\" \/><\/a><\/p>\n","protected":false},"excerpt":{"rendered":"<p>El curso \u201cEl Pensamiento Estrat\u00e9gico y la Toma de Decisiones\u201d se llevar\u00e1 a cabo los d\u00edas 17 y 18 de Abril del corriente a\u00f1o en la Sala de Audiovisuales, FACET, Av. Independencia 1800. El mismo est\u00e1 dirigido a: ingenieros, graduados en Ciencias Econ\u00f3micas, profesionales que desempe\u00f1en sus funciones en cargos gerenciales y de direcci\u00f3n en [&hellip;]<\/p>\n","protected":false},"author":6,"featured_media":0,"comment_status":"closed","ping_status":"closed","sticky":false,"template":"","format":"standard","meta":[],"categories":[1],"tags":[],"_links":{"self":[{"href":"https:\/\/www.facet.unt.edu.ar\/facetinforma\/wp-json\/wp\/v2\/posts\/7581"}],"collection":[{"href":"https:\/\/www.facet.unt.edu.ar\/facetinforma\/wp-json\/wp\/v2\/posts"}],"about":[{"href":"https:\/\/www.facet.unt.edu.ar\/facetinforma\/wp-json\/wp\/v2\/types\/post"}],"author":[{"embeddable":true,"href":"https:\/\/www.facet.unt.edu.ar\/facetinforma\/wp-json\/wp\/v2\/users\/6"}],"replies":[{"embeddable":true,"href":"https:\/\/www.facet.unt.edu.ar\/facetinforma\/wp-json\/wp\/v2\/comments?post=7581"}],"version-history":[{"count":2,"href":"https:\/\/www.facet.unt.edu.ar\/facetinforma\/wp-json\/wp\/v2\/posts\/7581\/revisions"}],"predecessor-version":[{"id":7584,"href":"https:\/\/www.facet.unt.edu.ar\/facetinforma\/wp-json\/wp\/v2\/posts\/7581\/revisions\/7584"}],"wp:attachment":[{"href":"https:\/\/www.facet.unt.edu.ar\/facetinforma\/wp-json\/wp\/v2\/media?parent=7581"}],"wp:term":[{"taxonomy":"category","embeddable":true,"href":"https:\/\/www.facet.unt.edu.ar\/facetinforma\/wp-json\/wp\/v2\/categories?post=7581"},{"taxonomy":"post_tag","embeddable":true,"href":"https:\/\/www.facet.unt.edu.ar\/facetinforma\/wp-json\/wp\/v2\/tags?post=7581"}],"curies":[{"name":"wp","href":"https:\/\/api.w.org\/{rel}","templated":true}]}}