{"id":7703,"date":"2015-04-07T18:45:33","date_gmt":"2015-04-07T21:45:33","guid":{"rendered":"https:\/\/www.facet.unt.edu.ar\/facetinforma\/?p=7703"},"modified":"2015-04-07T18:58:45","modified_gmt":"2015-04-07T21:58:45","slug":"primeras-jornadas-de-seminarios-doctorado-en-ciencias-exactas-e-ingenieria","status":"publish","type":"post","link":"https:\/\/www.facet.unt.edu.ar\/facetinforma\/2015\/04\/07\/primeras-jornadas-de-seminarios-doctorado-en-ciencias-exactas-e-ingenieria\/","title":{"rendered":"Primeras Jornadas de Seminarios &#8211; Doctorado en Ciencias Exactas e Ingenier\u00eda"},"content":{"rendered":"<p>Los d\u00edas 13 y 14 de Abril pr\u00f3ximos, en la Sala de Medios Audiovisuales de la FACET\u00a0se desarrollar\u00e1n las Primeras Jornadas de Seminarios de estudiantes del postgrado\u00a0<strong><em>Doctorado en Ciencias Exactas e Ingenier\u00eda<\/em><\/strong>.\u00a0\u00a0 <!--more--><\/p>\n<p>Realizar\u00e1n su presentaci\u00f3n un total de 27 doctorandos que someter\u00e1n sus investigaciones y progresos de tesis a la discusi\u00f3n abierta y al aporte de la comunidad cient\u00edfica de la FACET, promoviendo el\u00a0enriquecimiento del plan de acci\u00f3n y\u00a0de la visi\u00f3n de los estudiantes de posgrado relativos a sus tesis.\u00a0Por este motivo esperamos contar con la participaci\u00f3n de la comunidad educativa de la FACET.<\/p>\n<p>Para ver el cronograma de seminarios, seleccione <a href=\"https:\/\/www.facet.unt.edu.ar\/facetinforma\/wp-content\/uploads\/sites\/9\/2015\/04\/unnamed.jpg\" target=\"_blank\">aqu\u00ed<\/a>.<\/p>\n<p>Comisi\u00f3n Acad\u00e9mica Doctorado en Ciencias Exactas e ingenier\u00eda<br \/>\nInformes: Centro de M\u00e9todos Num\u00e9ricos y Computacionales en Ingenier\u00eda (CEMNCI)<br \/>\nFacultad de Ciencias Exactas y Tecnolog\u00eda \u2013 UNT<br \/>\nAv. Independencia 1800 &#8211;\u00a0 T4002BLR \u2013 San Miguel de Tucum\u00e1n<br \/>\nInt. 7784, Email: <a href=\"mailto:cemnci@herrera.unt.edu.ar\">cemnci@herrera.unt.edu.ar<\/a><\/p>\n","protected":false},"excerpt":{"rendered":"<p>Los d\u00edas 13 y 14 de Abril pr\u00f3ximos, en la Sala de Medios Audiovisuales de la FACET\u00a0se desarrollar\u00e1n las Primeras Jornadas de Seminarios de estudiantes del postgrado\u00a0Doctorado en Ciencias Exactas e Ingenier\u00eda.\u00a0\u00a0<\/p>\n","protected":false},"author":6,"featured_media":0,"comment_status":"closed","ping_status":"closed","sticky":false,"template":"","format":"standard","meta":[],"categories":[5],"tags":[],"_links":{"self":[{"href":"https:\/\/www.facet.unt.edu.ar\/facetinforma\/wp-json\/wp\/v2\/posts\/7703"}],"collection":[{"href":"https:\/\/www.facet.unt.edu.ar\/facetinforma\/wp-json\/wp\/v2\/posts"}],"about":[{"href":"https:\/\/www.facet.unt.edu.ar\/facetinforma\/wp-json\/wp\/v2\/types\/post"}],"author":[{"embeddable":true,"href":"https:\/\/www.facet.unt.edu.ar\/facetinforma\/wp-json\/wp\/v2\/users\/6"}],"replies":[{"embeddable":true,"href":"https:\/\/www.facet.unt.edu.ar\/facetinforma\/wp-json\/wp\/v2\/comments?post=7703"}],"version-history":[{"count":4,"href":"https:\/\/www.facet.unt.edu.ar\/facetinforma\/wp-json\/wp\/v2\/posts\/7703\/revisions"}],"predecessor-version":[{"id":7711,"href":"https:\/\/www.facet.unt.edu.ar\/facetinforma\/wp-json\/wp\/v2\/posts\/7703\/revisions\/7711"}],"wp:attachment":[{"href":"https:\/\/www.facet.unt.edu.ar\/facetinforma\/wp-json\/wp\/v2\/media?parent=7703"}],"wp:term":[{"taxonomy":"category","embeddable":true,"href":"https:\/\/www.facet.unt.edu.ar\/facetinforma\/wp-json\/wp\/v2\/categories?post=7703"},{"taxonomy":"post_tag","embeddable":true,"href":"https:\/\/www.facet.unt.edu.ar\/facetinforma\/wp-json\/wp\/v2\/tags?post=7703"}],"curies":[{"name":"wp","href":"https:\/\/api.w.org\/{rel}","templated":true}]}}