{"id":7712,"date":"2015-04-07T23:21:47","date_gmt":"2015-04-08T02:21:47","guid":{"rendered":"https:\/\/www.facet.unt.edu.ar\/facetinforma\/?p=7712"},"modified":"2015-04-08T19:27:41","modified_gmt":"2015-04-08T22:27:41","slug":"dictamenes-que-se-debatiran-manana-en-la-asamblea-universitaria","status":"publish","type":"post","link":"https:\/\/www.facet.unt.edu.ar\/facetinforma\/2015\/04\/07\/dictamenes-que-se-debatiran-manana-en-la-asamblea-universitaria\/","title":{"rendered":"Dict\u00e1menes que se debatir\u00e1n ma\u00f1ana en la Asamblea Universitaria"},"content":{"rendered":"<p>La Asamblea Universitaria retomar\u00e1 ma\u00f1ana mi\u00e9rcoles, a partir de las 8:00 horas en el Centro Cultural Virla, su encuentro plenario para debatir los tres dict\u00e1menes presentados hasta el momento por las comisiones.\u00a0\u00a0 <!--more--><\/p>\n<p>De esta manera, el dictamen de la comisi\u00f3n de los \u201cEstudiantes\u201d se\u00a0 suma a los trabajos de las comisiones de \u201cCarrera Docente\u201d y \u201cPre\u00e1mbulo y Estructura Universitaria\u201d que ya integran el orden del d\u00eda de los asamble\u00edstas.<\/p>\n<p>A continuaci\u00f3n, se adjuntan los 3 dict\u00e1menes que se tratar\u00e1n en la Asamblea Universitaria:<br \/>\n&#8211; <a href=\"https:\/\/www.facet.unt.edu.ar\/facetinforma\/wp-content\/uploads\/sites\/9\/2015\/04\/Carrera-Docente-UNT-Dictamen-de-Comisio\u0301n.pdf\" target=\"_blank\">Dictamen de la Comisi\u00f3n de Carrera Docente<\/a><br \/>\n&#8211; <a href=\"https:\/\/www.facet.unt.edu.ar\/facetinforma\/wp-content\/uploads\/sites\/9\/2015\/04\/Prea\u0301mbulo-UNT-Dictamen-de-Comisio\u0301n-.pdf\" target=\"_blank\">Dictamen de la Comisi\u00f3n de Pre\u00e1mbulo y Estructura Universitaria<\/a><br \/>\n&#8211; <a href=\"https:\/\/www.facet.unt.edu.ar\/facetinforma\/wp-content\/uploads\/sites\/9\/2015\/04\/Dictamen-Estudiantes.pdf\" target=\"_blank\">Dictamen de la Comisi\u00f3n de Estudiantes<\/a><\/p>\n","protected":false},"excerpt":{"rendered":"<p>La Asamblea Universitaria retomar\u00e1 ma\u00f1ana mi\u00e9rcoles, a partir de las 8:00 horas en el Centro Cultural Virla, su encuentro plenario para debatir los tres dict\u00e1menes presentados hasta el momento por las comisiones.\u00a0\u00a0<\/p>\n","protected":false},"author":6,"featured_media":0,"comment_status":"closed","ping_status":"closed","sticky":false,"template":"","format":"standard","meta":[],"categories":[5],"tags":[],"_links":{"self":[{"href":"https:\/\/www.facet.unt.edu.ar\/facetinforma\/wp-json\/wp\/v2\/posts\/7712"}],"collection":[{"href":"https:\/\/www.facet.unt.edu.ar\/facetinforma\/wp-json\/wp\/v2\/posts"}],"about":[{"href":"https:\/\/www.facet.unt.edu.ar\/facetinforma\/wp-json\/wp\/v2\/types\/post"}],"author":[{"embeddable":true,"href":"https:\/\/www.facet.unt.edu.ar\/facetinforma\/wp-json\/wp\/v2\/users\/6"}],"replies":[{"embeddable":true,"href":"https:\/\/www.facet.unt.edu.ar\/facetinforma\/wp-json\/wp\/v2\/comments?post=7712"}],"version-history":[{"count":4,"href":"https:\/\/www.facet.unt.edu.ar\/facetinforma\/wp-json\/wp\/v2\/posts\/7712\/revisions"}],"predecessor-version":[{"id":7719,"href":"https:\/\/www.facet.unt.edu.ar\/facetinforma\/wp-json\/wp\/v2\/posts\/7712\/revisions\/7719"}],"wp:attachment":[{"href":"https:\/\/www.facet.unt.edu.ar\/facetinforma\/wp-json\/wp\/v2\/media?parent=7712"}],"wp:term":[{"taxonomy":"category","embeddable":true,"href":"https:\/\/www.facet.unt.edu.ar\/facetinforma\/wp-json\/wp\/v2\/categories?post=7712"},{"taxonomy":"post_tag","embeddable":true,"href":"https:\/\/www.facet.unt.edu.ar\/facetinforma\/wp-json\/wp\/v2\/tags?post=7712"}],"curies":[{"name":"wp","href":"https:\/\/api.w.org\/{rel}","templated":true}]}}