{"id":7776,"date":"2015-04-15T18:52:01","date_gmt":"2015-04-15T21:52:01","guid":{"rendered":"https:\/\/www.facet.unt.edu.ar\/facetinforma\/?p=7776"},"modified":"2015-04-15T18:52:01","modified_gmt":"2015-04-15T21:52:01","slug":"convocatoria-becas-de-estimulo-a-las-vocaciones-cientificas-2015","status":"publish","type":"post","link":"https:\/\/www.facet.unt.edu.ar\/facetinforma\/2015\/04\/15\/convocatoria-becas-de-estimulo-a-las-vocaciones-cientificas-2015\/","title":{"rendered":"Convocatoria Becas de Est\u00edmulo a las Vocaciones Cient\u00edficas 2015"},"content":{"rendered":"<p>El Consejo lnteruniversitario Nacional convoca, a trav\u00e9s de la Resoluci\u00f3n P. N\u00ba 1028\/15, a estudiantes universitarios de grado que deseen iniciar su formaci\u00f3n en investigaci\u00f3n en el marco de Proyectos de Investigaci\u00f3n acreditados que se desarrollen en el \u00e1mbito de las Universidades P\u00fablicas.\u00a0\u00a0\u00a0 <!--more--><\/p>\n<p>Convocatoria abierta del: <strong>13 de abril al 13 de mayo de 2015<\/strong><\/p>\n<p><span style=\"text-decoration: underline\">Duraci\u00f3n de la beca:\u00a0<\/span>1 a\u00f1o.<br \/>\n<span style=\"text-decoration: underline\">Estipendio:\u00a0<\/span>$ 1.200 (Pesos Mil Doscientos).<br \/>\n<span style=\"text-decoration: underline\">Requisitos:<\/span><br \/>\n&#8211; \u00a0\u00a0Estudiantes avanzados (Tener aprobadas el 50% de las materias del plan de \u00a0estudio de la carrera que cursa)<br \/>\n&#8211;\u00a0 \u00a0Hasta 28 a\u00f1os de edad al 31 de diciembre de 2015<br \/>\n&#8211; \u00a0\u00a0Promedio de al menos seis (6) puntos (incluidos aplazos)<br \/>\n&#8211; \u00a0\u00a0Presentaci\u00f3n de plan de trabajo avalado por un director<\/p>\n<p><span style=\"text-decoration: underline\">Se deber\u00e1 presentar:<\/span><br \/>\n&#8211;\u00a0\u00a0<a href=\"http:\/\/www1.herrera.unt.edu.ar\/faceyt\/secgestion\/files\/FORMULARIO_EVC2015.doc\" target=\"_blank\">Formulario solicitud EVC 2015<\/a><br \/>\n&#8211;\u00a0 Curriculum Vitae de Director y Co-Director en archivo PDF exportado de SIGEVA o CVar<br \/>\n&#8211;\u00a0 <a href=\"http:\/\/www1.herrera.unt.edu.ar\/faceyt\/secgestion\/files\/CARTA_AVAL_DIRECTOR_EVC2015.doc\" target=\"_blank\">Carta Aval del Director para quienes posean una beca EVC &#8211;\u00a0 2014<\/a><br \/>\n&#8211; \u00a0CD (disco compacto) con copia del formulario y el CV del Director y Codirector en archivo PDF exportado de SIGEVA o CVar,<\/p>\n<p>Las solicitudes de beca se presentar\u00e1n en carpeta pl\u00e1stica conteniendo todos los items consignados, en la Secretar\u00eda de Ciencia, Arte e Innovaci\u00f3n Tecnol\u00f3gica, Buenos Aires 296, hasta el d\u00eda 13 de mayo a las 13:00 hs.<\/p>\n<p>Para ver el reglamento de la convocatoria, seleccione <a href=\"https:\/\/www.facet.unt.edu.ar\/facetinforma\/wp-content\/uploads\/sites\/9\/2015\/04\/Reglamento2015.pdf\" target=\"_blank\">aqu\u00ed<\/a>.<\/p>\n<p>Todos los detalles, reglamentos y documentos est\u00e1n disponibles en la p\u00e1gina web del CIN:<br \/>\n<a href=\"http:\/\/www.cin.edu.ar\/becas-de-estimulo-a-las-vocaciones-cientificas-2015\/\" target=\"_blank\">http:\/\/www.cin.edu.ar\/becas-de-estimulo-a-las-vocaciones-cientificas-2015\/<\/a><\/p>\n","protected":false},"excerpt":{"rendered":"<p>El Consejo lnteruniversitario Nacional convoca, a trav\u00e9s de la Resoluci\u00f3n P. N\u00ba 1028\/15, a estudiantes universitarios de grado que deseen iniciar su formaci\u00f3n en investigaci\u00f3n en el marco de Proyectos de Investigaci\u00f3n acreditados que se desarrollen en el \u00e1mbito de las Universidades P\u00fablicas.\u00a0\u00a0\u00a0<\/p>\n","protected":false},"author":6,"featured_media":0,"comment_status":"closed","ping_status":"closed","sticky":false,"template":"","format":"standard","meta":[],"categories":[3,5],"tags":[],"_links":{"self":[{"href":"https:\/\/www.facet.unt.edu.ar\/facetinforma\/wp-json\/wp\/v2\/posts\/7776"}],"collection":[{"href":"https:\/\/www.facet.unt.edu.ar\/facetinforma\/wp-json\/wp\/v2\/posts"}],"about":[{"href":"https:\/\/www.facet.unt.edu.ar\/facetinforma\/wp-json\/wp\/v2\/types\/post"}],"author":[{"embeddable":true,"href":"https:\/\/www.facet.unt.edu.ar\/facetinforma\/wp-json\/wp\/v2\/users\/6"}],"replies":[{"embeddable":true,"href":"https:\/\/www.facet.unt.edu.ar\/facetinforma\/wp-json\/wp\/v2\/comments?post=7776"}],"version-history":[{"count":1,"href":"https:\/\/www.facet.unt.edu.ar\/facetinforma\/wp-json\/wp\/v2\/posts\/7776\/revisions"}],"predecessor-version":[{"id":7777,"href":"https:\/\/www.facet.unt.edu.ar\/facetinforma\/wp-json\/wp\/v2\/posts\/7776\/revisions\/7777"}],"wp:attachment":[{"href":"https:\/\/www.facet.unt.edu.ar\/facetinforma\/wp-json\/wp\/v2\/media?parent=7776"}],"wp:term":[{"taxonomy":"category","embeddable":true,"href":"https:\/\/www.facet.unt.edu.ar\/facetinforma\/wp-json\/wp\/v2\/categories?post=7776"},{"taxonomy":"post_tag","embeddable":true,"href":"https:\/\/www.facet.unt.edu.ar\/facetinforma\/wp-json\/wp\/v2\/tags?post=7776"}],"curies":[{"name":"wp","href":"https:\/\/api.w.org\/{rel}","templated":true}]}}