{"id":7778,"date":"2015-04-16T12:08:28","date_gmt":"2015-04-16T15:08:28","guid":{"rendered":"https:\/\/www.facet.unt.edu.ar\/facetinforma\/?p=7778"},"modified":"2015-04-16T12:14:13","modified_gmt":"2015-04-16T15:14:13","slug":"taller-uso-de-latex-y-herramientas-adicionales-para-la-edicion-de-textos-cientificos","status":"publish","type":"post","link":"https:\/\/www.facet.unt.edu.ar\/facetinforma\/2015\/04\/16\/taller-uso-de-latex-y-herramientas-adicionales-para-la-edicion-de-textos-cientificos\/","title":{"rendered":"Taller Uso de LATEX y herramientas adicionales para la edici\u00f3n de textos cient\u00edficos"},"content":{"rendered":"<p>El taller es una introducci\u00f3n al uso de LATEX y est\u00e1 dirigido a aquellos que quieran optimizar la redacci\u00f3n de texto cient\u00edfico o t\u00e9cnico con fines comunicativos como art\u00edculos, tesis, libros, pr\u00e1cticos, informes y otros.\u00a0\u00a0 <!--more--><\/p>\n<p><strong>Docente:<\/strong>\u00a0Lic. Straube Benjam\u00edn.<\/p>\n<p><strong>Fecha y hora:\u00a029<\/strong>\u00a0<strong>de abril,\u00a06,\u00a013, y\u00a020\u00a0de mayo<\/strong> de\u00a0<strong>15:00<\/strong>\u00a0&#8211;\u00a0<strong>17:00<\/strong>\u00a0hs.<strong>\u00a0<\/strong><\/p>\n<p><strong>Lugar:\u00a0<\/strong>Aula\u00a02-4-1, 2\u00ba Piso, Block 2, Quinta Agron\u00f3mica. Av. Independencia 1800.<\/p>\n<p><strong>Inscripci\u00f3n y consultas:\u00a0<\/strong>dirigirse a\u00a0<a href=\"mailto:bstraube@herrera.unt.edu.ar\">bstraube@herrera.unt.edu.ar<\/a>\u00a0con el asunto: \u201ctaller\u201d, detallar Nombre completo, DNI, ocupaci\u00f3n o cargo, instituci\u00f3n a la que pertenece.<\/p>\n<p><strong>Costo:\u00a0<\/strong>sin costo.<\/p>\n<p><strong>Fecha l\u00edmite de inscripci\u00f3n:<\/strong> 24 de abril 2015.<\/p>\n<p>Para mayores detalles ver los siguientes archivos:<br \/>\n&#8211; <a href=\"https:\/\/www.facet.unt.edu.ar\/facetinforma\/wp-content\/uploads\/sites\/9\/2015\/04\/tallerlatex2015.pdf\" target=\"_blank\">Afiche Taller.pdf<\/a><br \/>\n&#8211; <a href=\"https:\/\/www.facet.unt.edu.ar\/facetinforma\/wp-content\/uploads\/sites\/9\/2015\/04\/Tallerlatexcontenido.pdf\" target=\"_blank\">Taller LATEX contenido.pdf<\/a><\/p>\n","protected":false},"excerpt":{"rendered":"<p>El taller es una introducci\u00f3n al uso de LATEX y est\u00e1 dirigido a aquellos que quieran optimizar la redacci\u00f3n de texto cient\u00edfico o t\u00e9cnico con fines comunicativos como art\u00edculos, tesis, libros, pr\u00e1cticos, informes y otros.\u00a0\u00a0<\/p>\n","protected":false},"author":6,"featured_media":0,"comment_status":"closed","ping_status":"closed","sticky":false,"template":"","format":"standard","meta":[],"categories":[5],"tags":[],"_links":{"self":[{"href":"https:\/\/www.facet.unt.edu.ar\/facetinforma\/wp-json\/wp\/v2\/posts\/7778"}],"collection":[{"href":"https:\/\/www.facet.unt.edu.ar\/facetinforma\/wp-json\/wp\/v2\/posts"}],"about":[{"href":"https:\/\/www.facet.unt.edu.ar\/facetinforma\/wp-json\/wp\/v2\/types\/post"}],"author":[{"embeddable":true,"href":"https:\/\/www.facet.unt.edu.ar\/facetinforma\/wp-json\/wp\/v2\/users\/6"}],"replies":[{"embeddable":true,"href":"https:\/\/www.facet.unt.edu.ar\/facetinforma\/wp-json\/wp\/v2\/comments?post=7778"}],"version-history":[{"count":3,"href":"https:\/\/www.facet.unt.edu.ar\/facetinforma\/wp-json\/wp\/v2\/posts\/7778\/revisions"}],"predecessor-version":[{"id":7782,"href":"https:\/\/www.facet.unt.edu.ar\/facetinforma\/wp-json\/wp\/v2\/posts\/7778\/revisions\/7782"}],"wp:attachment":[{"href":"https:\/\/www.facet.unt.edu.ar\/facetinforma\/wp-json\/wp\/v2\/media?parent=7778"}],"wp:term":[{"taxonomy":"category","embeddable":true,"href":"https:\/\/www.facet.unt.edu.ar\/facetinforma\/wp-json\/wp\/v2\/categories?post=7778"},{"taxonomy":"post_tag","embeddable":true,"href":"https:\/\/www.facet.unt.edu.ar\/facetinforma\/wp-json\/wp\/v2\/tags?post=7778"}],"curies":[{"name":"wp","href":"https:\/\/api.w.org\/{rel}","templated":true}]}}