{"id":7785,"date":"2015-04-17T16:48:12","date_gmt":"2015-04-17T19:48:12","guid":{"rendered":"https:\/\/www.facet.unt.edu.ar\/facetinforma\/?p=7785"},"modified":"2015-04-17T16:50:39","modified_gmt":"2015-04-17T19:50:39","slug":"conferencia-the-golden-gate-bridge-in-san-francisco-from-the-beginning-till-today","status":"publish","type":"post","link":"https:\/\/www.facet.unt.edu.ar\/facetinforma\/2015\/04\/17\/conferencia-the-golden-gate-bridge-in-san-francisco-from-the-beginning-till-today\/","title":{"rendered":"Conferencia \u201cThe Golden Gate &#8211; Bridge in San Francisco &#8211; From the Beginning till Today\u201d"},"content":{"rendered":"<p>El CEMNCI (Centro de M\u00e9todos Num\u00e9ricos y Computacionales en Ingenier\u00eda) invita\u00a0a toda la comunidad\u00a0acad\u00e9mica y a alumnos de la FACET y la FAU, UNT, a la Conferencia \u201c<strong>The Golden Gate &#8211; Bridge in San Francisco &#8211;<\/strong>\u00a0<strong>From the Beginning till Today\u201d<\/strong>, a cargo del <strong><em>Prof. Dr. Ing. Ekkehard Ramm (<\/em><\/strong><strong><em>University of Stuttgart, Germany).<br \/>\n<\/em><\/strong><!--more--><\/p>\n<p><span style=\"text-decoration: underline\">Fecha y hora<\/span>:\u00a0<strong>Mi\u00e9rcoles 22 de Abril<\/strong> a las<strong> 16:00 horas<\/strong><br \/>\n<span style=\"text-decoration: underline\">Lugar<\/span>: Sala de Medios Audiovisuales, FACET-UNT. Avda. Independencia 1800<\/p>\n<p>El Prof. Ramm es uno de los profesionales e investigadores de la Ingenier\u00eda Civil y de los M\u00e9todos de Simulaci\u00f3n Computacional en Ingenier\u00eda Estructural m\u00e1s destacados del mundo, autor de m\u00e1s de 100 publicaciones en revistas especializadas y muchas m\u00e1s en congresos de la especialidad. Ha sido Conferencista Plenario en numerosas conferencias\u00a0internacionales relacionadas a M\u00e9todos Computacionales en Ingenier\u00eda, Ingenier\u00eda Estructural, Mec\u00e1nica de falla de materiales, etc. Es adem\u00e1s un reconocido\u00a0Consultor de Ing. Estructural no s\u00f3lo en Alemania sino en toda Europa.<\/p>\n<p>En esta conferencia referida a la historia del Puente Golden Gate de San Francisco, una de las estructuras m\u00e1s fascinantes, extraordinarias y colosales de los \u00faltimos siglos en el mundo entero,\u00a0se presentan las\u00a0dificultades y complejidades desde\u00a0la etapa de su dise\u00f1o, a cargo del Ing. Joseph B. Strauss,\u00a0pasando por\u00a0su construcci\u00f3n y montaje. Se discuten diversos aspectos que van\u00a0hasta su estado actual a trav\u00e9s de m\u00e1s de 80 a\u00f1os de historia, incluyendo su comportamiento durante\u00a0sismos y acciones de vientos de alta intensidad a los que ya\u00a0estuvo sometido.<\/p>\n<p>La conferencia estar\u00e1 orientada para una audiencia general.<\/p>\n","protected":false},"excerpt":{"rendered":"<p>El CEMNCI (Centro de M\u00e9todos Num\u00e9ricos y Computacionales en Ingenier\u00eda) invita\u00a0a toda la comunidad\u00a0acad\u00e9mica y a alumnos de la FACET y la FAU, UNT, a la Conferencia \u201cThe Golden Gate &#8211; Bridge in San Francisco &#8211;\u00a0From the Beginning till Today\u201d, a cargo del Prof. Dr. Ing. Ekkehard Ramm (University of Stuttgart, Germany).<\/p>\n","protected":false},"author":6,"featured_media":0,"comment_status":"closed","ping_status":"closed","sticky":false,"template":"","format":"standard","meta":[],"categories":[5],"tags":[],"_links":{"self":[{"href":"https:\/\/www.facet.unt.edu.ar\/facetinforma\/wp-json\/wp\/v2\/posts\/7785"}],"collection":[{"href":"https:\/\/www.facet.unt.edu.ar\/facetinforma\/wp-json\/wp\/v2\/posts"}],"about":[{"href":"https:\/\/www.facet.unt.edu.ar\/facetinforma\/wp-json\/wp\/v2\/types\/post"}],"author":[{"embeddable":true,"href":"https:\/\/www.facet.unt.edu.ar\/facetinforma\/wp-json\/wp\/v2\/users\/6"}],"replies":[{"embeddable":true,"href":"https:\/\/www.facet.unt.edu.ar\/facetinforma\/wp-json\/wp\/v2\/comments?post=7785"}],"version-history":[{"count":3,"href":"https:\/\/www.facet.unt.edu.ar\/facetinforma\/wp-json\/wp\/v2\/posts\/7785\/revisions"}],"predecessor-version":[{"id":7789,"href":"https:\/\/www.facet.unt.edu.ar\/facetinforma\/wp-json\/wp\/v2\/posts\/7785\/revisions\/7789"}],"wp:attachment":[{"href":"https:\/\/www.facet.unt.edu.ar\/facetinforma\/wp-json\/wp\/v2\/media?parent=7785"}],"wp:term":[{"taxonomy":"category","embeddable":true,"href":"https:\/\/www.facet.unt.edu.ar\/facetinforma\/wp-json\/wp\/v2\/categories?post=7785"},{"taxonomy":"post_tag","embeddable":true,"href":"https:\/\/www.facet.unt.edu.ar\/facetinforma\/wp-json\/wp\/v2\/tags?post=7785"}],"curies":[{"name":"wp","href":"https:\/\/api.w.org\/{rel}","templated":true}]}}