{"id":7811,"date":"2015-04-24T11:24:25","date_gmt":"2015-04-24T14:24:25","guid":{"rendered":"https:\/\/www.facet.unt.edu.ar\/facetinforma\/?p=7811"},"modified":"2015-04-24T11:29:04","modified_gmt":"2015-04-24T14:29:04","slug":"convocatoria-voluntariado-universitario-2015","status":"publish","type":"post","link":"https:\/\/www.facet.unt.edu.ar\/facetinforma\/2015\/04\/24\/convocatoria-voluntariado-universitario-2015\/","title":{"rendered":"Convocatoria Voluntariado Universitario 2015"},"content":{"rendered":"<p>El Programa de Voluntariado Universitario desarrollado por la Direcci\u00f3n Nacional de Desarrollo Universitario y Voluntariado del Ministerio de Educaci\u00f3n de la Naci\u00f3n, convoca a la presentaci\u00f3n de proyectos, los cuales deben ser dise\u00f1ados e implementados por equipos integrados por estudiantes de Universidades Nacionales, Provinciales e Institutos Universitarios Nacionales junto con docentes e investigadores de materias afines a las carreras que prosiguen los estudiantes.\u00a0\u00a0 <!--more--><\/p>\n<p><span style=\"text-decoration: underline\">Presentaci\u00f3n de Proyectos<\/span>: del <strong>06\/04<\/strong> al <strong>08\/05<\/strong><\/p>\n<p>Para mayores informes, leer los siguientes archivos:<br \/>\n&#8211; <a href=\"https:\/\/www.facet.unt.edu.ar\/facetinforma\/wp-content\/uploads\/sites\/9\/2015\/04\/diptico_voluntariado_2015.pdf\" target=\"_blank\">D\u00edptico.pdf<\/a><br \/>\n&#8211; <a href=\"https:\/\/www.facet.unt.edu.ar\/facetinforma\/wp-content\/uploads\/sites\/9\/2015\/04\/Bases-para-Inscripcion.pdf\" target=\"_blank\">Bases para Inscripci\u00f3n.pdf<\/a><br \/>\n&#8211; <a href=\"https:\/\/www.facet.unt.edu.ar\/facetinforma\/wp-content\/uploads\/sites\/9\/2015\/04\/guia-inscripcion-proyectos.pdf\" target=\"_blank\">Gu\u00eda Inscripci\u00f3n Proyectos.pdf<\/a><\/p>\n<p><a href=\"https:\/\/www.facet.unt.edu.ar\/facetinforma\/wp-content\/uploads\/sites\/9\/2015\/04\/voluntariado-afiche.jpg\" target=\"_blank\"><img decoding=\"async\" loading=\"lazy\" class=\"aligncenter wp-image-7812 \" src=\"https:\/\/www.facet.unt.edu.ar\/facetinforma\/wp-content\/uploads\/sites\/9\/2015\/04\/voluntariado-afiche-1024x683.jpg\" alt=\"voluntariado afiche\" width=\"567\" height=\"378\" srcset=\"https:\/\/www.facet.unt.edu.ar\/facetinforma\/wp-content\/uploads\/sites\/9\/2015\/04\/voluntariado-afiche-1024x683.jpg 1024w, https:\/\/www.facet.unt.edu.ar\/facetinforma\/wp-content\/uploads\/sites\/9\/2015\/04\/voluntariado-afiche-300x200.jpg 300w, https:\/\/www.facet.unt.edu.ar\/facetinforma\/wp-content\/uploads\/sites\/9\/2015\/04\/voluntariado-afiche-272x182.jpg 272w\" sizes=\"(max-width: 567px) 100vw, 567px\" \/><\/a><\/p>\n","protected":false},"excerpt":{"rendered":"<p>El Programa de Voluntariado Universitario desarrollado por la Direcci\u00f3n Nacional de Desarrollo Universitario y Voluntariado del Ministerio de Educaci\u00f3n de la Naci\u00f3n, convoca a la presentaci\u00f3n de proyectos, los cuales deben ser dise\u00f1ados e implementados por equipos integrados por estudiantes de Universidades Nacionales, Provinciales e Institutos Universitarios Nacionales junto con docentes e investigadores de materias [&hellip;]<\/p>\n","protected":false},"author":6,"featured_media":0,"comment_status":"closed","ping_status":"closed","sticky":false,"template":"","format":"standard","meta":[],"categories":[5],"tags":[],"_links":{"self":[{"href":"https:\/\/www.facet.unt.edu.ar\/facetinforma\/wp-json\/wp\/v2\/posts\/7811"}],"collection":[{"href":"https:\/\/www.facet.unt.edu.ar\/facetinforma\/wp-json\/wp\/v2\/posts"}],"about":[{"href":"https:\/\/www.facet.unt.edu.ar\/facetinforma\/wp-json\/wp\/v2\/types\/post"}],"author":[{"embeddable":true,"href":"https:\/\/www.facet.unt.edu.ar\/facetinforma\/wp-json\/wp\/v2\/users\/6"}],"replies":[{"embeddable":true,"href":"https:\/\/www.facet.unt.edu.ar\/facetinforma\/wp-json\/wp\/v2\/comments?post=7811"}],"version-history":[{"count":4,"href":"https:\/\/www.facet.unt.edu.ar\/facetinforma\/wp-json\/wp\/v2\/posts\/7811\/revisions"}],"predecessor-version":[{"id":7819,"href":"https:\/\/www.facet.unt.edu.ar\/facetinforma\/wp-json\/wp\/v2\/posts\/7811\/revisions\/7819"}],"wp:attachment":[{"href":"https:\/\/www.facet.unt.edu.ar\/facetinforma\/wp-json\/wp\/v2\/media?parent=7811"}],"wp:term":[{"taxonomy":"category","embeddable":true,"href":"https:\/\/www.facet.unt.edu.ar\/facetinforma\/wp-json\/wp\/v2\/categories?post=7811"},{"taxonomy":"post_tag","embeddable":true,"href":"https:\/\/www.facet.unt.edu.ar\/facetinforma\/wp-json\/wp\/v2\/tags?post=7811"}],"curies":[{"name":"wp","href":"https:\/\/api.w.org\/{rel}","templated":true}]}}