{"id":7833,"date":"2015-04-27T16:00:27","date_gmt":"2015-04-27T19:00:27","guid":{"rendered":"https:\/\/www.facet.unt.edu.ar\/facetinforma\/?p=7833"},"modified":"2015-04-27T16:24:40","modified_gmt":"2015-04-27T19:24:40","slug":"cava-2015-vii-congreso-internacional-de-ambientes-virtuales-de-aprendizaje-adaptativos-y-accesibles","status":"publish","type":"post","link":"https:\/\/www.facet.unt.edu.ar\/facetinforma\/2015\/04\/27\/cava-2015-vii-congreso-internacional-de-ambientes-virtuales-de-aprendizaje-adaptativos-y-accesibles\/","title":{"rendered":"CAVA 2015 \u2013 VII Congreso Internacional de Ambientes Virtuales de Aprendizaje Adaptativos y Accesibles"},"content":{"rendered":"<p>CAVA 2015 tendr\u00e1 como tema central <strong>&#8220;Tecnolog\u00eda en la Educaci\u00f3n para todos&#8221;<\/strong>. El Congreso buscar\u00e1 explorar diferentes perspectivas dentro del tema, cubriendo todos los niveles de educaci\u00f3n formal (ense\u00f1anza b\u00e1sica, media, t\u00e9cnica y universitaria) y educaci\u00f3n informal, as\u00ed como aspectos sociales y desaf\u00edos que son enfrentados por los pa\u00edses en desarrollo.\u00a0\u00a0 <!--more--><\/p>\n<p>Esta es la primera vez que CAVA se realiza en Brasil. Las ediciones anteriores han sido en Espa\u00f1a, Colombia y Argentina. Se trata de un congreso con fuerte participaci\u00f3n internacional, promoviendo la uni\u00f3n de profesionales en Educaci\u00f3n y Tecnolog\u00edas de la Informaci\u00f3n y la Comunicaci\u00f3n (TIC) de todos los continentes, principalmente de Am\u00e9rica Latina.<\/p>\n<p>El congreso est\u00e1 destinado a: Secretar\u00edas de Educaci\u00f3n, Dise\u00f1adores, Miembros de la Academia, Desarrolladores Multimedia, Educadores, Pedagogos, Investigadores, Especialistas en Inform\u00e1tica, Representantes y desarrolladores de TIC.<\/p>\n<p>Para mayores informes ingrese al siguiente link: <a href=\"http:\/\/www.feevale.br\/ensino\/cursos-e-eventos\/cava-2015-vii-congresso-internacional-de-ambientes-virtuais-de-aprendizagem-adaptativos-e-acessivos\" target=\"_blank\">http:\/\/www.feevale.br\/ensino\/cursos-e-eventos\/cava-2015-vii-congresso-internacional-de-ambientes-virtuais-de-aprendizagem-adaptativos-e-acessivos<\/a><\/p>\n","protected":false},"excerpt":{"rendered":"<p>CAVA 2015 tendr\u00e1 como tema central &#8220;Tecnolog\u00eda en la Educaci\u00f3n para todos&#8221;. El Congreso buscar\u00e1 explorar diferentes perspectivas dentro del tema, cubriendo todos los niveles de educaci\u00f3n formal (ense\u00f1anza b\u00e1sica, media, t\u00e9cnica y universitaria) y educaci\u00f3n informal, as\u00ed como aspectos sociales y desaf\u00edos que son enfrentados por los pa\u00edses en desarrollo.\u00a0\u00a0<\/p>\n","protected":false},"author":6,"featured_media":0,"comment_status":"closed","ping_status":"closed","sticky":false,"template":"","format":"standard","meta":[],"categories":[5],"tags":[],"_links":{"self":[{"href":"https:\/\/www.facet.unt.edu.ar\/facetinforma\/wp-json\/wp\/v2\/posts\/7833"}],"collection":[{"href":"https:\/\/www.facet.unt.edu.ar\/facetinforma\/wp-json\/wp\/v2\/posts"}],"about":[{"href":"https:\/\/www.facet.unt.edu.ar\/facetinforma\/wp-json\/wp\/v2\/types\/post"}],"author":[{"embeddable":true,"href":"https:\/\/www.facet.unt.edu.ar\/facetinforma\/wp-json\/wp\/v2\/users\/6"}],"replies":[{"embeddable":true,"href":"https:\/\/www.facet.unt.edu.ar\/facetinforma\/wp-json\/wp\/v2\/comments?post=7833"}],"version-history":[{"count":3,"href":"https:\/\/www.facet.unt.edu.ar\/facetinforma\/wp-json\/wp\/v2\/posts\/7833\/revisions"}],"predecessor-version":[{"id":7836,"href":"https:\/\/www.facet.unt.edu.ar\/facetinforma\/wp-json\/wp\/v2\/posts\/7833\/revisions\/7836"}],"wp:attachment":[{"href":"https:\/\/www.facet.unt.edu.ar\/facetinforma\/wp-json\/wp\/v2\/media?parent=7833"}],"wp:term":[{"taxonomy":"category","embeddable":true,"href":"https:\/\/www.facet.unt.edu.ar\/facetinforma\/wp-json\/wp\/v2\/categories?post=7833"},{"taxonomy":"post_tag","embeddable":true,"href":"https:\/\/www.facet.unt.edu.ar\/facetinforma\/wp-json\/wp\/v2\/tags?post=7833"}],"curies":[{"name":"wp","href":"https:\/\/api.w.org\/{rel}","templated":true}]}}