{"id":7912,"date":"2015-05-12T11:38:15","date_gmt":"2015-05-12T14:38:15","guid":{"rendered":"https:\/\/www.facet.unt.edu.ar\/facetinforma\/?p=7912"},"modified":"2015-05-12T11:40:44","modified_gmt":"2015-05-12T14:40:44","slug":"obra-adecuacion-de-la-instalacion-electrica-del-block-1","status":"publish","type":"post","link":"https:\/\/www.facet.unt.edu.ar\/facetinforma\/2015\/05\/12\/obra-adecuacion-de-la-instalacion-electrica-del-block-1\/","title":{"rendered":"Obra &#8220;Adecuaci\u00f3n de la Instalaci\u00f3n El\u00e9ctrica del Block 1\u201d"},"content":{"rendered":"<p>En la ma\u00f1ana del 11 de mayo el Sr. Decano de la Facultad de Ciencias Exactas y Tecnolog\u00eda y el representante de la empresa ECO SA firmaron el contrato para la ejecuci\u00f3n de la Obra &#8220;Adecuaci\u00f3n de la instalaci\u00f3n el\u00e9ctrica del Block 1 (Docencia)&#8221;, dando por finalizado el proceso de licitaci\u00f3n y comenzando el proceso de ejecuci\u00f3n de la citada obra, el presupuesto de la misma es de\u00a0$ 3.450.000, y su ejecuci\u00f3n demandar\u00e1 120 d\u00edas. <!--more--><\/p>\n<p>La financiaci\u00f3n se realiza con fondos de la Secretar\u00eda de Pol\u00edticas Universitarias\u00a0 en el marco del Programa de Seguridad El\u00e9ctrica, en el cual nuestra facultad present\u00f3 un proyecto, que fue aprobado en el proceso de selecci\u00f3n nacional de propuestas.<\/p>\n<p><a href=\"https:\/\/www.facet.unt.edu.ar\/facetinforma\/wp-content\/uploads\/sites\/9\/2015\/05\/20150511_124404.jpg\"><img decoding=\"async\" loading=\"lazy\" class=\"aligncenter  wp-image-7913\" src=\"https:\/\/www.facet.unt.edu.ar\/facetinforma\/wp-content\/uploads\/sites\/9\/2015\/05\/20150511_124404-1024x768.jpg\" alt=\"20150511_124404\" width=\"342\" height=\"256\" srcset=\"https:\/\/www.facet.unt.edu.ar\/facetinforma\/wp-content\/uploads\/sites\/9\/2015\/05\/20150511_124404-1024x768.jpg 1024w, https:\/\/www.facet.unt.edu.ar\/facetinforma\/wp-content\/uploads\/sites\/9\/2015\/05\/20150511_124404-300x225.jpg 300w\" sizes=\"(max-width: 342px) 100vw, 342px\" \/><\/a><\/p>\n","protected":false},"excerpt":{"rendered":"<p>En la ma\u00f1ana del 11 de mayo el Sr. Decano de la Facultad de Ciencias Exactas y Tecnolog\u00eda y el representante de la empresa ECO SA firmaron el contrato para la ejecuci\u00f3n de la Obra &#8220;Adecuaci\u00f3n de la instalaci\u00f3n el\u00e9ctrica del Block 1 (Docencia)&#8221;, dando por finalizado el proceso de licitaci\u00f3n y comenzando el proceso [&hellip;]<\/p>\n","protected":false},"author":6,"featured_media":0,"comment_status":"closed","ping_status":"closed","sticky":false,"template":"","format":"standard","meta":[],"categories":[5],"tags":[],"_links":{"self":[{"href":"https:\/\/www.facet.unt.edu.ar\/facetinforma\/wp-json\/wp\/v2\/posts\/7912"}],"collection":[{"href":"https:\/\/www.facet.unt.edu.ar\/facetinforma\/wp-json\/wp\/v2\/posts"}],"about":[{"href":"https:\/\/www.facet.unt.edu.ar\/facetinforma\/wp-json\/wp\/v2\/types\/post"}],"author":[{"embeddable":true,"href":"https:\/\/www.facet.unt.edu.ar\/facetinforma\/wp-json\/wp\/v2\/users\/6"}],"replies":[{"embeddable":true,"href":"https:\/\/www.facet.unt.edu.ar\/facetinforma\/wp-json\/wp\/v2\/comments?post=7912"}],"version-history":[{"count":3,"href":"https:\/\/www.facet.unt.edu.ar\/facetinforma\/wp-json\/wp\/v2\/posts\/7912\/revisions"}],"predecessor-version":[{"id":7916,"href":"https:\/\/www.facet.unt.edu.ar\/facetinforma\/wp-json\/wp\/v2\/posts\/7912\/revisions\/7916"}],"wp:attachment":[{"href":"https:\/\/www.facet.unt.edu.ar\/facetinforma\/wp-json\/wp\/v2\/media?parent=7912"}],"wp:term":[{"taxonomy":"category","embeddable":true,"href":"https:\/\/www.facet.unt.edu.ar\/facetinforma\/wp-json\/wp\/v2\/categories?post=7912"},{"taxonomy":"post_tag","embeddable":true,"href":"https:\/\/www.facet.unt.edu.ar\/facetinforma\/wp-json\/wp\/v2\/tags?post=7912"}],"curies":[{"name":"wp","href":"https:\/\/api.w.org\/{rel}","templated":true}]}}