{"id":7958,"date":"2015-05-15T17:52:59","date_gmt":"2015-05-15T20:52:59","guid":{"rendered":"https:\/\/www.facet.unt.edu.ar\/facetinforma\/?p=7958"},"modified":"2015-05-15T17:52:59","modified_gmt":"2015-05-15T20:52:59","slug":"consejo-directivo-facet-orden-del-dia-1905","status":"publish","type":"post","link":"https:\/\/www.facet.unt.edu.ar\/facetinforma\/2015\/05\/15\/consejo-directivo-facet-orden-del-dia-1905\/","title":{"rendered":"Consejo Directivo FACET \u2013 Orden del D\u00eda 19\/05"},"content":{"rendered":"<p>Se\u00f1or\/a Consejero\/a:<\/p>\n<p>Por disposici\u00f3n del Sr. Decano, lo invitamos a la Reuni\u00f3n Ordinaria del Consejo Directivo, que se realizar\u00e1 el d\u00eda <strong>Martes 19 de Mayo<\/strong> a horas 10:00 para considerar el siguiente:<\/p>\n<p>\u2013 <a href=\"https:\/\/www.facet.unt.edu.ar\/facetinforma\/wp-content\/uploads\/sites\/9\/2015\/05\/Orden-del-d\u00eda-19-05-15.pdf\" target=\"_blank\">Orden del D\u00eda 19\/05\/15.pdf<\/a><\/p>\n","protected":false},"excerpt":{"rendered":"<p>Se\u00f1or\/a Consejero\/a: Por disposici\u00f3n del Sr. Decano, lo invitamos a la Reuni\u00f3n Ordinaria del Consejo Directivo, que se realizar\u00e1 el d\u00eda Martes 19 de Mayo a horas 10:00 para considerar el siguiente: \u2013 Orden del D\u00eda 19\/05\/15.pdf<\/p>\n","protected":false},"author":6,"featured_media":0,"comment_status":"closed","ping_status":"closed","sticky":false,"template":"","format":"standard","meta":[],"categories":[5],"tags":[],"_links":{"self":[{"href":"https:\/\/www.facet.unt.edu.ar\/facetinforma\/wp-json\/wp\/v2\/posts\/7958"}],"collection":[{"href":"https:\/\/www.facet.unt.edu.ar\/facetinforma\/wp-json\/wp\/v2\/posts"}],"about":[{"href":"https:\/\/www.facet.unt.edu.ar\/facetinforma\/wp-json\/wp\/v2\/types\/post"}],"author":[{"embeddable":true,"href":"https:\/\/www.facet.unt.edu.ar\/facetinforma\/wp-json\/wp\/v2\/users\/6"}],"replies":[{"embeddable":true,"href":"https:\/\/www.facet.unt.edu.ar\/facetinforma\/wp-json\/wp\/v2\/comments?post=7958"}],"version-history":[{"count":1,"href":"https:\/\/www.facet.unt.edu.ar\/facetinforma\/wp-json\/wp\/v2\/posts\/7958\/revisions"}],"predecessor-version":[{"id":7960,"href":"https:\/\/www.facet.unt.edu.ar\/facetinforma\/wp-json\/wp\/v2\/posts\/7958\/revisions\/7960"}],"wp:attachment":[{"href":"https:\/\/www.facet.unt.edu.ar\/facetinforma\/wp-json\/wp\/v2\/media?parent=7958"}],"wp:term":[{"taxonomy":"category","embeddable":true,"href":"https:\/\/www.facet.unt.edu.ar\/facetinforma\/wp-json\/wp\/v2\/categories?post=7958"},{"taxonomy":"post_tag","embeddable":true,"href":"https:\/\/www.facet.unt.edu.ar\/facetinforma\/wp-json\/wp\/v2\/tags?post=7958"}],"curies":[{"name":"wp","href":"https:\/\/api.w.org\/{rel}","templated":true}]}}