{"id":8004,"date":"2015-05-20T17:02:45","date_gmt":"2015-05-20T20:02:45","guid":{"rendered":"https:\/\/www.facet.unt.edu.ar\/facetinforma\/?p=8004"},"modified":"2015-05-20T17:25:25","modified_gmt":"2015-05-20T20:25:25","slug":"programa-de-movilidad-de-academicos-y-gestores-entre-universidades-argentinas-y-mexicanas-magma","status":"publish","type":"post","link":"https:\/\/www.facet.unt.edu.ar\/facetinforma\/2015\/05\/20\/programa-de-movilidad-de-academicos-y-gestores-entre-universidades-argentinas-y-mexicanas-magma\/","title":{"rendered":"Programa de Movilidad de Acad\u00e9micos y Gestores entre Universidades Argentinas y Mexicanas (MAGMA)"},"content":{"rendered":"<p style=\"text-align: center\"><strong>Convocatoria 2015<\/strong><\/p>\n<p><strong>Antecedentes<\/strong><br \/>\nEl 23 de mayo de 2005 la \u201cAsociaci\u00f3n Nacional de Universidades e Instituciones de Educaci\u00f3n Superior (ANUIES)\u201d y el \u201cConsejo Interuniversitario Nacional (CIN)\u201d suscribieron el \u201c<em>Convenio General de<\/em> <em>Colaboraci\u00f3n acad\u00e9mica, cient\u00edfica y cultural\u201d<\/em>, con el objetivo de lograr una permanente y ascendente cooperaci\u00f3n e intercambio acad\u00e9mico relacionado con el desarrollo de proyectos y actividades acad\u00e9micas, cient\u00edficas, de extensi\u00f3n, difusi\u00f3n, intercambio y gesti\u00f3n universitaria.\u00a0\u00a0 <!--more--><\/p>\n<p>Derivado del Convenio General, el 2 de diciembre de 2009, el \u201cCIN\u201d y la \u201cANUIES\u201d firmaron el \u201cConvenio Espec\u00edfico de Colaboraci\u00f3n para la Movilidad de Acad\u00e9micos y Gestores entre universidades argentinas y mexicanas (Programa MAGMA)\u201d con el objetivo de continuar fortaleciendo los lazos creados entre las instituciones participantes adem\u00e1s de contribuir al mejoramiento de los docentes y gestores mediante acciones de movilidad.<\/p>\n<p><strong>Objetivos<\/strong><br \/>\n&#8211; Promover acciones de cooperaci\u00f3n interinstitucional.<br \/>\n&#8211; Fortalecer la integraci\u00f3n entre las instituciones.<br \/>\n&#8211; Fomentar y propiciar el intercambio de docentes, experiencias en metodolog\u00edas de ense\u00f1anza, investigaci\u00f3n acad\u00e9mica y acciones interdisciplinarias.<br \/>\n&#8211; Incentivar la capacitaci\u00f3n de gestores de actividades de internacionalizaci\u00f3n de las instituciones, compartiendo las experiencias entre las instituciones y creando redes de investigaci\u00f3n.<\/p>\n<p><strong>Beneficiarios<\/strong><br \/>\n&#8211; Acad\u00e9micos designados.<br \/>\n&#8211; Gestores de distintas \u00e1reas de la administraci\u00f3n de las universidades (gesti\u00f3n de la investigaci\u00f3n, vinculaci\u00f3n tecnol\u00f3gica, relaciones internacionales, gesti\u00f3n cultural, planeamiento estrat\u00e9gico, gesti\u00f3n de la ense\u00f1anza, etc.).<br \/>\nSe adjunta <a href=\"https:\/\/www.facet.unt.edu.ar\/facetinforma\/wp-content\/uploads\/sites\/9\/2015\/05\/Cuadro_plazas_MAGMA_2015_Gestores.pdf\" target=\"_blank\">esquema de movilidad de gestores<\/a>.<\/p>\n<p><strong>Financiamiento<\/strong><br \/>\nEl financiamiento de las movilidades estar\u00e1 a cargo de las universidades participantes, de acuerdo al siguiente esquema b\u00e1sico:<br \/>\n&#8211; La universidad de origen del acad\u00e9mico o gestor asumir\u00e1 el costo del pasaje.<br \/>\n&#8211; La universidad de destino financiar\u00e1 el alojamiento y manutenci\u00f3n del docente o gestor visitante, mediante los sistemas de recepci\u00f3n que cada instituci\u00f3n disponga.<\/p>\n<p><strong>Duraci\u00f3n de la movilidad<\/strong><br \/>\n<em>Gestores: <\/em>Las movilidades tendr\u00e1n una duraci\u00f3n sugerida de entre 7 y 15 d\u00edas, y podr\u00e1n ser realizadas en una sola universidad incorporando la posibilidad de que el gestor visite dos estancias en IES diferentes.<br \/>\n<em>Acad\u00e9micos: <\/em>La movilidad no exceder\u00e1 un (1) mes.<\/p>\n<p><strong>Licencia o comisi\u00f3n de servicio<\/strong><br \/>\nLa Universidad a la que pertenece el docente o gestor que se traslade deber\u00e1 concederle licencia o comisi\u00f3n de servicio con goce de sueldo, cuando corresponda, por el per\u00edodo correspondiente a la movilidad aprobada.<\/p>\n<p><strong>Inscripci\u00f3n al Programa<\/strong><br \/>\nLas candidaturas ser\u00e1n presentadas por los docentes o gestores en su Universidad de Origen. Cada Universidad recibir\u00e1 entonces candidaturas de sus propios docentes y gestores.<br \/>\nLos candidatos deben presentar, adem\u00e1s del <a href=\"https:\/\/www.facet.unt.edu.ar\/facetinforma\/wp-content\/uploads\/sites\/9\/2015\/05\/Form_Postulacion_MAGMA-Anexo-III_Convenio.docx\" target=\"_blank\">formulario de presentaci\u00f3n<\/a>, una carta de invitaci\u00f3n de la Universidad de destino. La carta de invitaci\u00f3n debe estar firmada por una autoridad de la Universidad de destino y por la m\u00e1xima autoridad responsable del Programa MAGMA en cada Universidad.<br \/>\nCada Universidad podr\u00e1 solicitar documentaci\u00f3n adicional si lo considera pertinente.<\/p>\n<p><strong>Selecci\u00f3n<\/strong><br \/>\nLa Selecci\u00f3n de acad\u00e9micos y gestores quedar\u00e1 a cargo de cada Universidad, as\u00ed como la difusi\u00f3n de los resultados.<br \/>\nLas Universidades deber\u00e1n enviar a la Coordinaci\u00f3n Nacional en Argentina (programa.magma@gmail.com) la n\u00f3mina de acad\u00e9micos y gestores seleccionados junto con los respectivos formularios y cartas de invitaci\u00f3n.<\/p>\n<p><strong>Cronograma<\/strong><br \/>\n&#8211; Lanzamiento de convocatoria: <strong>19 de mayo de 2015<\/strong><br \/>\n&#8211; Cierre de convocatoria: <strong>26 de junio de 2015<\/strong><br \/>\n&#8211; Env\u00edo de seleccionados a Coordinadores Nacionales y env\u00edo de seleccionados a contraparte: <strong>del 26 de junio al 03 de julio de 2015<\/strong><br \/>\n&#8211; Per\u00edodo de movilidades: <strong>agosto a diciembre 2015<\/strong><\/p>\n","protected":false},"excerpt":{"rendered":"<p>Convocatoria 2015 Antecedentes El 23 de mayo de 2005 la \u201cAsociaci\u00f3n Nacional de Universidades e Instituciones de Educaci\u00f3n Superior (ANUIES)\u201d y el \u201cConsejo Interuniversitario Nacional (CIN)\u201d suscribieron el \u201cConvenio General de Colaboraci\u00f3n acad\u00e9mica, cient\u00edfica y cultural\u201d, con el objetivo de lograr una permanente y ascendente cooperaci\u00f3n e intercambio acad\u00e9mico relacionado con el desarrollo de proyectos [&hellip;]<\/p>\n","protected":false},"author":6,"featured_media":0,"comment_status":"closed","ping_status":"closed","sticky":false,"template":"","format":"standard","meta":[],"categories":[5],"tags":[],"_links":{"self":[{"href":"https:\/\/www.facet.unt.edu.ar\/facetinforma\/wp-json\/wp\/v2\/posts\/8004"}],"collection":[{"href":"https:\/\/www.facet.unt.edu.ar\/facetinforma\/wp-json\/wp\/v2\/posts"}],"about":[{"href":"https:\/\/www.facet.unt.edu.ar\/facetinforma\/wp-json\/wp\/v2\/types\/post"}],"author":[{"embeddable":true,"href":"https:\/\/www.facet.unt.edu.ar\/facetinforma\/wp-json\/wp\/v2\/users\/6"}],"replies":[{"embeddable":true,"href":"https:\/\/www.facet.unt.edu.ar\/facetinforma\/wp-json\/wp\/v2\/comments?post=8004"}],"version-history":[{"count":3,"href":"https:\/\/www.facet.unt.edu.ar\/facetinforma\/wp-json\/wp\/v2\/posts\/8004\/revisions"}],"predecessor-version":[{"id":8029,"href":"https:\/\/www.facet.unt.edu.ar\/facetinforma\/wp-json\/wp\/v2\/posts\/8004\/revisions\/8029"}],"wp:attachment":[{"href":"https:\/\/www.facet.unt.edu.ar\/facetinforma\/wp-json\/wp\/v2\/media?parent=8004"}],"wp:term":[{"taxonomy":"category","embeddable":true,"href":"https:\/\/www.facet.unt.edu.ar\/facetinforma\/wp-json\/wp\/v2\/categories?post=8004"},{"taxonomy":"post_tag","embeddable":true,"href":"https:\/\/www.facet.unt.edu.ar\/facetinforma\/wp-json\/wp\/v2\/tags?post=8004"}],"curies":[{"name":"wp","href":"https:\/\/api.w.org\/{rel}","templated":true}]}}