{"id":8084,"date":"2015-05-28T10:46:10","date_gmt":"2015-05-28T13:46:10","guid":{"rendered":"https:\/\/www.facet.unt.edu.ar\/facetinforma\/?p=8084"},"modified":"2015-06-03T11:50:45","modified_gmt":"2015-06-03T14:50:45","slug":"seminario-proyecto-universidades-argentinas-en-la-union-internacional-de-telecomunicaciones","status":"publish","type":"post","link":"https:\/\/www.facet.unt.edu.ar\/facetinforma\/2015\/05\/28\/seminario-proyecto-universidades-argentinas-en-la-union-internacional-de-telecomunicaciones\/","title":{"rendered":"Seminario \u201cProyecto Universidades Argentinas en la UIT\u201d"},"content":{"rendered":"<p style=\"text-align: left\">Dentro del marco de la conmemoraci\u00f3n del D\u00eda de la Ingenier\u00eda Argentina, se llevar\u00e1 a cabo el Seminario \u201cProyecto Universidades Argentinas en la Uni\u00f3n Internacional de Telecomunicaciones (UIT)\u201d el d\u00eda Martes 2 de Junio del corriente a\u00f1o en la Sala de Medios Audiovisuales, Block 3, 1er. Piso, FACET \u2013 UNT.\u00a0\u00a0\u00a0 <!--more--><\/p>\n<p style=\"text-align: center\"><u>Disertantes<\/u>:<br \/>\nIng. H\u00e9ctor Mario Carril *<br \/>\nIng. Eduardo An\u00edbal Gabelloni *<br \/>\nIng. Esteban H\u00e9ctor del M\u00e1rmol *<br \/>\nIng. Mar\u00eda Cristina Lozada *<br \/>\n(*) Secretar\u00eda de Comunicaciones de la Naci\u00f3n<\/p>\n<p>Se adjunta cronograma del evento: <a href=\"https:\/\/www.facet.unt.edu.ar\/facetinforma\/wp-content\/uploads\/sites\/9\/2015\/05\/Cronograma-Seminario-UIT-UNT.pdf\" target=\"_blank\">Cronograma.pdf<\/a><\/p>\n<p><a href=\"https:\/\/www.facet.unt.edu.ar\/facetinforma\/wp-content\/uploads\/sites\/9\/2015\/05\/AFICHE-UIT.jpg\" target=\"_blank\"><img decoding=\"async\" loading=\"lazy\" class=\"aligncenter wp-image-8085\" src=\"https:\/\/www.facet.unt.edu.ar\/facetinforma\/wp-content\/uploads\/sites\/9\/2015\/05\/AFICHE-UIT-725x1024.jpg\" alt=\"AFICHE UIT\" width=\"458\" height=\"647\" srcset=\"https:\/\/www.facet.unt.edu.ar\/facetinforma\/wp-content\/uploads\/sites\/9\/2015\/05\/AFICHE-UIT-725x1024.jpg 725w, https:\/\/www.facet.unt.edu.ar\/facetinforma\/wp-content\/uploads\/sites\/9\/2015\/05\/AFICHE-UIT-212x300.jpg 212w, https:\/\/www.facet.unt.edu.ar\/facetinforma\/wp-content\/uploads\/sites\/9\/2015\/05\/AFICHE-UIT.jpg 2000w\" sizes=\"(max-width: 458px) 100vw, 458px\" \/><\/a><\/p>\n","protected":false},"excerpt":{"rendered":"<p>Dentro del marco de la conmemoraci\u00f3n del D\u00eda de la Ingenier\u00eda Argentina, se llevar\u00e1 a cabo el Seminario \u201cProyecto Universidades Argentinas en la Uni\u00f3n Internacional de Telecomunicaciones (UIT)\u201d el d\u00eda Martes 2 de Junio del corriente a\u00f1o en la Sala de Medios Audiovisuales, Block 3, 1er. Piso, FACET \u2013 UNT.\u00a0\u00a0\u00a0<\/p>\n","protected":false},"author":6,"featured_media":0,"comment_status":"closed","ping_status":"closed","sticky":false,"template":"","format":"standard","meta":[],"categories":[5,9],"tags":[],"_links":{"self":[{"href":"https:\/\/www.facet.unt.edu.ar\/facetinforma\/wp-json\/wp\/v2\/posts\/8084"}],"collection":[{"href":"https:\/\/www.facet.unt.edu.ar\/facetinforma\/wp-json\/wp\/v2\/posts"}],"about":[{"href":"https:\/\/www.facet.unt.edu.ar\/facetinforma\/wp-json\/wp\/v2\/types\/post"}],"author":[{"embeddable":true,"href":"https:\/\/www.facet.unt.edu.ar\/facetinforma\/wp-json\/wp\/v2\/users\/6"}],"replies":[{"embeddable":true,"href":"https:\/\/www.facet.unt.edu.ar\/facetinforma\/wp-json\/wp\/v2\/comments?post=8084"}],"version-history":[{"count":4,"href":"https:\/\/www.facet.unt.edu.ar\/facetinforma\/wp-json\/wp\/v2\/posts\/8084\/revisions"}],"predecessor-version":[{"id":8096,"href":"https:\/\/www.facet.unt.edu.ar\/facetinforma\/wp-json\/wp\/v2\/posts\/8084\/revisions\/8096"}],"wp:attachment":[{"href":"https:\/\/www.facet.unt.edu.ar\/facetinforma\/wp-json\/wp\/v2\/media?parent=8084"}],"wp:term":[{"taxonomy":"category","embeddable":true,"href":"https:\/\/www.facet.unt.edu.ar\/facetinforma\/wp-json\/wp\/v2\/categories?post=8084"},{"taxonomy":"post_tag","embeddable":true,"href":"https:\/\/www.facet.unt.edu.ar\/facetinforma\/wp-json\/wp\/v2\/tags?post=8084"}],"curies":[{"name":"wp","href":"https:\/\/api.w.org\/{rel}","templated":true}]}}