{"id":8172,"date":"2015-06-04T16:38:49","date_gmt":"2015-06-04T19:38:49","guid":{"rendered":"https:\/\/www.facet.unt.edu.ar\/facetinforma\/?p=8172"},"modified":"2015-06-04T16:41:29","modified_gmt":"2015-06-04T19:41:29","slug":"la-universidad-y-la-escuela-secundaria","status":"publish","type":"post","link":"https:\/\/www.facet.unt.edu.ar\/facetinforma\/2015\/06\/04\/la-universidad-y-la-escuela-secundaria\/","title":{"rendered":"La Universidad y la Escuela Secundaria"},"content":{"rendered":"<p>Se encuentra abierta la \u00faltima etapa del programa para la carga de proyectos. El objetivo es fortalecer el ingreso a carreras universitarias que resultan estrat\u00e9gicas para el desarrollo productivo.\u00a0\u00a0\u00a0 <!--more--><\/p>\n<p>La presentaci\u00f3n de proyectos para esta \u00faltima etapa permanecer\u00e1 abierta hasta el d\u00eda\u00a0 5 de junio del corriente, y tiene como finalidad reajustar y readecuar los objetivos y actividades del proyecto original, planificando asimismo, un cronograma de trabajo para el \u00faltimo a\u00f1o de financiamiento.<\/p>\n<p>El apoyo a la mejora en la ense\u00f1anza en Ciencias Naturales en la Escuela Secundaria y el fortalecimiento del ingreso a carreras cient\u00edficas y t\u00e9cnicas es una pol\u00edtica p\u00fablica prioritaria de este Ministerio. La convocatoria est\u00e1 destinada a las Universidades que est\u00e9n participando de este proyecto.<\/p>\n<p>Este a\u00f1o, en las actividades vinculadas a la energ\u00eda, se ha incorporado la Compa\u00f1\u00eda Administradora del Mercado Mayorista El\u00e9ctrico S.A. (CAMMESA), empresa de gesti\u00f3n privada con prop\u00f3sito p\u00fablico que realiza diferentes actividades de inter\u00e9s nacional e indispensable para la libre circulaci\u00f3n de la energ\u00eda el\u00e9ctrica.<\/p>\n<p><span style=\"text-decoration: underline\">Plataforma de carga de proyectos<\/span>:<br \/>\n<a href=\"http:\/\/universidadyescuela.siu.edu.ar\/2015\" target=\"_blank\">http:\/\/universidadyescuela.siu.edu.ar\/2015<\/a><br \/>\n<a href=\"http:\/\/informacionpresupuestaria.siu.edu.ar\/DocumentosSPU\/ciencia\/Guia_para_la_Inscripcion_de_Proyectos.pdf\" target=\"_blank\">Gu\u00eda para la Inscripci\u00f3n de Proyectos<\/a><br \/>\n<a href=\"http:\/\/informacionpresupuestaria.siu.edu.ar\/DocumentosSPU\/ciencia\/Bases_y_Condiciones_Ciencias.pdf\" target=\"_blank\">Bases y Condiciones<\/a><br \/>\n<a href=\"http:\/\/informacionpresupuestaria.siu.edu.ar\/DocumentosSPU\/ciencia\/ANEXO-complemento_bases.pdf\" target=\"_blank\">ANEXO \u2013 Complemento bases<\/a><\/p>\n<p><a href=\"https:\/\/www.facet.unt.edu.ar\/facetinforma\/wp-content\/uploads\/sites\/9\/2015\/06\/Flyer_conv_escuela_sec_2015.jpg\" target=\"_blank\"><img decoding=\"async\" loading=\"lazy\" class=\"aligncenter wp-image-8173\" src=\"https:\/\/www.facet.unt.edu.ar\/facetinforma\/wp-content\/uploads\/sites\/9\/2015\/06\/Flyer_conv_escuela_sec_2015-1024x729.jpg\" alt=\"Flyer_conv_escuela_sec_2015\" width=\"501\" height=\"357\" srcset=\"https:\/\/www.facet.unt.edu.ar\/facetinforma\/wp-content\/uploads\/sites\/9\/2015\/06\/Flyer_conv_escuela_sec_2015-1024x729.jpg 1024w, https:\/\/www.facet.unt.edu.ar\/facetinforma\/wp-content\/uploads\/sites\/9\/2015\/06\/Flyer_conv_escuela_sec_2015-300x214.jpg 300w, https:\/\/www.facet.unt.edu.ar\/facetinforma\/wp-content\/uploads\/sites\/9\/2015\/06\/Flyer_conv_escuela_sec_2015.jpg 1800w\" sizes=\"(max-width: 501px) 100vw, 501px\" \/><\/a><\/p>\n<p><strong>Fuente<\/strong>: Subsecretar\u00eda de Gesti\u00f3n y Coordinaci\u00f3n de Pol\u00edticas Universitarias<\/p>\n","protected":false},"excerpt":{"rendered":"<p>Se encuentra abierta la \u00faltima etapa del programa para la carga de proyectos. El objetivo es fortalecer el ingreso a carreras universitarias que resultan estrat\u00e9gicas para el desarrollo productivo.\u00a0\u00a0\u00a0<\/p>\n","protected":false},"author":6,"featured_media":0,"comment_status":"closed","ping_status":"closed","sticky":false,"template":"","format":"standard","meta":[],"categories":[5],"tags":[],"_links":{"self":[{"href":"https:\/\/www.facet.unt.edu.ar\/facetinforma\/wp-json\/wp\/v2\/posts\/8172"}],"collection":[{"href":"https:\/\/www.facet.unt.edu.ar\/facetinforma\/wp-json\/wp\/v2\/posts"}],"about":[{"href":"https:\/\/www.facet.unt.edu.ar\/facetinforma\/wp-json\/wp\/v2\/types\/post"}],"author":[{"embeddable":true,"href":"https:\/\/www.facet.unt.edu.ar\/facetinforma\/wp-json\/wp\/v2\/users\/6"}],"replies":[{"embeddable":true,"href":"https:\/\/www.facet.unt.edu.ar\/facetinforma\/wp-json\/wp\/v2\/comments?post=8172"}],"version-history":[{"count":3,"href":"https:\/\/www.facet.unt.edu.ar\/facetinforma\/wp-json\/wp\/v2\/posts\/8172\/revisions"}],"predecessor-version":[{"id":8176,"href":"https:\/\/www.facet.unt.edu.ar\/facetinforma\/wp-json\/wp\/v2\/posts\/8172\/revisions\/8176"}],"wp:attachment":[{"href":"https:\/\/www.facet.unt.edu.ar\/facetinforma\/wp-json\/wp\/v2\/media?parent=8172"}],"wp:term":[{"taxonomy":"category","embeddable":true,"href":"https:\/\/www.facet.unt.edu.ar\/facetinforma\/wp-json\/wp\/v2\/categories?post=8172"},{"taxonomy":"post_tag","embeddable":true,"href":"https:\/\/www.facet.unt.edu.ar\/facetinforma\/wp-json\/wp\/v2\/tags?post=8172"}],"curies":[{"name":"wp","href":"https:\/\/api.w.org\/{rel}","templated":true}]}}