{"id":8203,"date":"2015-06-07T22:44:19","date_gmt":"2015-06-08T01:44:19","guid":{"rendered":"https:\/\/www.facet.unt.edu.ar\/facetinforma\/?p=8203"},"modified":"2015-06-07T22:44:19","modified_gmt":"2015-06-08T01:44:19","slug":"feliz-dia-del-fisico","status":"publish","type":"post","link":"https:\/\/www.facet.unt.edu.ar\/facetinforma\/2015\/06\/07\/feliz-dia-del-fisico\/","title":{"rendered":"\u00a1Feliz D\u00eda del F\u00edsico!"},"content":{"rendered":"<p>Con motivo de celebrarse hoy el \u201cD\u00eda del F\u00edsico\u201d, el Sr. Decano de la Facultad de Ciencias Exactas y Tecnolog\u00eda, Ing. Sergio Pagani, junto a todo su gabinete, saluda muy especialmente a todos los F\u00edsicos de esta unidad acad\u00e9mica.\u00a0\u00a0 <!--more--><\/p>\n<p>Se ha instituido el d\u00eda 7 de Junio como el \u201cD\u00eda del F\u00edsico\u201d en nuestro pa\u00eds, para reconocer la labor fundamental que realizan los f\u00edsicos en el desarrollo de la ciencia y la tecnolog\u00eda.<\/p>\n<p>\u00a1Muchas Felicidades!<\/p>\n","protected":false},"excerpt":{"rendered":"<p>Con motivo de celebrarse hoy el \u201cD\u00eda del F\u00edsico\u201d, el Sr. Decano de la Facultad de Ciencias Exactas y Tecnolog\u00eda, Ing. Sergio Pagani, junto a todo su gabinete, saluda muy especialmente a todos los F\u00edsicos de esta unidad acad\u00e9mica.\u00a0\u00a0<\/p>\n","protected":false},"author":6,"featured_media":0,"comment_status":"closed","ping_status":"closed","sticky":false,"template":"","format":"standard","meta":[],"categories":[5],"tags":[],"_links":{"self":[{"href":"https:\/\/www.facet.unt.edu.ar\/facetinforma\/wp-json\/wp\/v2\/posts\/8203"}],"collection":[{"href":"https:\/\/www.facet.unt.edu.ar\/facetinforma\/wp-json\/wp\/v2\/posts"}],"about":[{"href":"https:\/\/www.facet.unt.edu.ar\/facetinforma\/wp-json\/wp\/v2\/types\/post"}],"author":[{"embeddable":true,"href":"https:\/\/www.facet.unt.edu.ar\/facetinforma\/wp-json\/wp\/v2\/users\/6"}],"replies":[{"embeddable":true,"href":"https:\/\/www.facet.unt.edu.ar\/facetinforma\/wp-json\/wp\/v2\/comments?post=8203"}],"version-history":[{"count":1,"href":"https:\/\/www.facet.unt.edu.ar\/facetinforma\/wp-json\/wp\/v2\/posts\/8203\/revisions"}],"predecessor-version":[{"id":8204,"href":"https:\/\/www.facet.unt.edu.ar\/facetinforma\/wp-json\/wp\/v2\/posts\/8203\/revisions\/8204"}],"wp:attachment":[{"href":"https:\/\/www.facet.unt.edu.ar\/facetinforma\/wp-json\/wp\/v2\/media?parent=8203"}],"wp:term":[{"taxonomy":"category","embeddable":true,"href":"https:\/\/www.facet.unt.edu.ar\/facetinforma\/wp-json\/wp\/v2\/categories?post=8203"},{"taxonomy":"post_tag","embeddable":true,"href":"https:\/\/www.facet.unt.edu.ar\/facetinforma\/wp-json\/wp\/v2\/tags?post=8203"}],"curies":[{"name":"wp","href":"https:\/\/api.w.org\/{rel}","templated":true}]}}