{"id":8251,"date":"2015-06-09T11:40:13","date_gmt":"2015-06-09T14:40:13","guid":{"rendered":"https:\/\/www.facet.unt.edu.ar\/facetinforma\/?p=8251"},"modified":"2015-06-09T11:40:13","modified_gmt":"2015-06-09T14:40:13","slug":"xxvi-jornadas-de-epistemologia-e-historia-de-la-ciencia","status":"publish","type":"post","link":"https:\/\/www.facet.unt.edu.ar\/facetinforma\/2015\/06\/09\/xxvi-jornadas-de-epistemologia-e-historia-de-la-ciencia\/","title":{"rendered":"XXVI Jornadas de Epistemolog\u00eda e Historia de la Ciencia"},"content":{"rendered":"<p>Las \u201cXXVI Jornadas de Epistemolog\u00eda e Historia de la Ciencia\u201d tendr\u00e1n lugar los d\u00edas 16, 17 y 18 de noviembre de 2015 en La Falda, C\u00f3rdoba. Esta actividad est\u00e1 organizada por la Facultad de Filosof\u00eda y Humanidades de Universidad Nacional de C\u00f3rdoba.\u00a0\u00a0 <!--more--><\/p>\n<p>Para ver la 1ra. Circular de las jornadas, seleccione <a href=\"https:\/\/www.facet.unt.edu.ar\/facetinforma\/wp-content\/uploads\/sites\/9\/2015\/06\/XXVI-JORNADAS-1-circular.pdf\" target=\"_blank\">aqu\u00ed<\/a>.<\/p>\n<p><a href=\"https:\/\/www.facet.unt.edu.ar\/facetinforma\/wp-content\/uploads\/sites\/9\/2015\/06\/jornada.jpg\"><img decoding=\"async\" loading=\"lazy\" class=\"aligncenter size-full wp-image-8253\" src=\"https:\/\/www.facet.unt.edu.ar\/facetinforma\/wp-content\/uploads\/sites\/9\/2015\/06\/jornada.jpg\" alt=\"jornada\" width=\"740\" height=\"158\" srcset=\"https:\/\/www.facet.unt.edu.ar\/facetinforma\/wp-content\/uploads\/sites\/9\/2015\/06\/jornada.jpg 740w, https:\/\/www.facet.unt.edu.ar\/facetinforma\/wp-content\/uploads\/sites\/9\/2015\/06\/jornada-300x64.jpg 300w\" sizes=\"(max-width: 740px) 100vw, 740px\" \/><\/a><\/p>\n","protected":false},"excerpt":{"rendered":"<p>Las \u201cXXVI Jornadas de Epistemolog\u00eda e Historia de la Ciencia\u201d tendr\u00e1n lugar los d\u00edas 16, 17 y 18 de noviembre de 2015 en La Falda, C\u00f3rdoba. Esta actividad est\u00e1 organizada por la Facultad de Filosof\u00eda y Humanidades de Universidad Nacional de C\u00f3rdoba.\u00a0\u00a0<\/p>\n","protected":false},"author":6,"featured_media":0,"comment_status":"closed","ping_status":"closed","sticky":false,"template":"","format":"standard","meta":[],"categories":[5],"tags":[],"_links":{"self":[{"href":"https:\/\/www.facet.unt.edu.ar\/facetinforma\/wp-json\/wp\/v2\/posts\/8251"}],"collection":[{"href":"https:\/\/www.facet.unt.edu.ar\/facetinforma\/wp-json\/wp\/v2\/posts"}],"about":[{"href":"https:\/\/www.facet.unt.edu.ar\/facetinforma\/wp-json\/wp\/v2\/types\/post"}],"author":[{"embeddable":true,"href":"https:\/\/www.facet.unt.edu.ar\/facetinforma\/wp-json\/wp\/v2\/users\/6"}],"replies":[{"embeddable":true,"href":"https:\/\/www.facet.unt.edu.ar\/facetinforma\/wp-json\/wp\/v2\/comments?post=8251"}],"version-history":[{"count":2,"href":"https:\/\/www.facet.unt.edu.ar\/facetinforma\/wp-json\/wp\/v2\/posts\/8251\/revisions"}],"predecessor-version":[{"id":8254,"href":"https:\/\/www.facet.unt.edu.ar\/facetinforma\/wp-json\/wp\/v2\/posts\/8251\/revisions\/8254"}],"wp:attachment":[{"href":"https:\/\/www.facet.unt.edu.ar\/facetinforma\/wp-json\/wp\/v2\/media?parent=8251"}],"wp:term":[{"taxonomy":"category","embeddable":true,"href":"https:\/\/www.facet.unt.edu.ar\/facetinforma\/wp-json\/wp\/v2\/categories?post=8251"},{"taxonomy":"post_tag","embeddable":true,"href":"https:\/\/www.facet.unt.edu.ar\/facetinforma\/wp-json\/wp\/v2\/tags?post=8251"}],"curies":[{"name":"wp","href":"https:\/\/api.w.org\/{rel}","templated":true}]}}