{"id":8261,"date":"2015-06-09T18:49:05","date_gmt":"2015-06-09T21:49:05","guid":{"rendered":"https:\/\/www.facet.unt.edu.ar\/facetinforma\/?p=8261"},"modified":"2015-06-09T18:49:05","modified_gmt":"2015-06-09T21:49:05","slug":"busqueda-laboral-jefe-de-instrumentos-de-control-importante-ingenio-azucarero","status":"publish","type":"post","link":"https:\/\/www.facet.unt.edu.ar\/facetinforma\/2015\/06\/09\/busqueda-laboral-jefe-de-instrumentos-de-control-importante-ingenio-azucarero\/","title":{"rendered":"B\u00fasqueda Laboral Jefe de Instrumentos de Control IMPORTANTE INGENIO AZUCARERO"},"content":{"rendered":"<p>Setting RRHH selecciona para IMPORTANTE INDUSTRIA AZUCARERA, 1 (un) Graduado\/a de las carreras de Ingenier\u00eda El\u00e9ctrica o Ingenier\u00eda Electr\u00f3nica de la FACET para cumplir funciones como Jefe de Instrumentos de Control.\u00a0\u00a0 <!--more--><\/p>\n<p><u>DESCRIPCI\u00d3N DE TAREA\/S Y\/O RESPONSABILIDAD\/ES:<\/u><br \/>\n\u00d8\u00a0Mantener y desarrollar los instrumentos de medici\u00f3n y control autom\u00e1tico, dentro de los distintos procesos que se realizan en la industria del az\u00facar y alcohol.<br \/>\n\u00d8\u00a0Supervisar el trabajo desarrollado por los t\u00e9cnicos y proponer las mejoras necesarias.<\/p>\n<p><u>REQUISITO\/S Y\/O CONOCIMIENTO\/S:<\/u><br \/>\n\u00d8\u00a0Graduado\/a de las carreras de Ingenier\u00eda El\u00e9ctrica o Ingenier\u00eda Electr\u00f3nica de la FACET.<br \/>\n\u00d8\u00a0Experiencia m\u00ednima requerida de al menos 10 (diez) a\u00f1os en puestos similares (excluyente).<br \/>\n\u00d8\u00a0Experiencia en programaci\u00f3n de PLC (excluyente).<br \/>\n\u00d8\u00a0Competencias principales. Liderazgo; Trabajo en equipo; Orientaci\u00f3n a los resultados; habilidades de comunicaci\u00f3n. Capacidad de mando y organizaci\u00f3n.<br \/>\n\u00d8\u00a0Zona de Residencia, cercana a la ciudad de Concepci\u00f3n, Provincia de Tucum\u00e1n.<\/p>\n<p><u>OFRECIMIENTO\/S:<\/u><br \/>\n\u00d8\u00a0Excelentes condiciones de contrataci\u00f3n: $30.000 Bruto + Premios.<br \/>\n\u00d8\u00a0Posibilidades de desarrollo y estabilidad laboral.<br \/>\n\u00d8\u00a0Trabajo de horario corrido, de lunes a viernes y s\u00e1bado medio d\u00eda, con flexibilidad horaria en temporada de zafra.<\/p>\n<p>Los interesados deben enviar su CV, hasta el <strong>Domingo 14 de Junio de 2015<\/strong> a <a href=\"mailto:sae.facet@gmail.com\">sae.facet@gmail.com<\/a> destacando en el Asunto del mail la palabra: \u201cJEFE&#8221;. Adjuntar el CV con el formato: DNI-NombreCompleto.doc \u00f3 DNI-NombreCompleto.pdf. Ejemplo: 12345678-MarianaGarcia.xls<\/p>\n<p>IMPORTANTE: NO SE RECIBIR\u00c1N ARCHIVOS DE M\u00c1S DE 500 KB.<\/p>\n<p><a href=\"https:\/\/www.facet.unt.edu.ar\/facetinforma\/wp-content\/uploads\/sites\/9\/2015\/05\/oferta-laboral1.jpg\"><img decoding=\"async\" loading=\"lazy\" class=\"aligncenter size-medium wp-image-7920\" src=\"https:\/\/www.facet.unt.edu.ar\/facetinforma\/wp-content\/uploads\/sites\/9\/2015\/05\/oferta-laboral1-300x187.jpg\" alt=\"oferta laboral\" width=\"300\" height=\"187\" srcset=\"https:\/\/www.facet.unt.edu.ar\/facetinforma\/wp-content\/uploads\/sites\/9\/2015\/05\/oferta-laboral1-300x187.jpg 300w, https:\/\/www.facet.unt.edu.ar\/facetinforma\/wp-content\/uploads\/sites\/9\/2015\/05\/oferta-laboral1-436x272.jpg 436w, https:\/\/www.facet.unt.edu.ar\/facetinforma\/wp-content\/uploads\/sites\/9\/2015\/05\/oferta-laboral1.jpg 500w\" sizes=\"(max-width: 300px) 100vw, 300px\" \/><\/a>Atentamente,<\/p>\n<p>&#8212;<br \/>\nIng. Marcelo Emilio Leiva<br \/>\nCoordinador de Pasant\u00edas y Becas<br \/>\nSecretar\u00eda de Bienestar Estudiantil<br \/>\nFACET \u2013 UNT<\/p>\n<p>&nbsp;<\/p>\n","protected":false},"excerpt":{"rendered":"<p>Setting RRHH selecciona para IMPORTANTE INDUSTRIA AZUCARERA, 1 (un) Graduado\/a de las carreras de Ingenier\u00eda El\u00e9ctrica o Ingenier\u00eda Electr\u00f3nica de la FACET para cumplir funciones como Jefe de Instrumentos de Control.\u00a0\u00a0<\/p>\n","protected":false},"author":6,"featured_media":0,"comment_status":"closed","ping_status":"closed","sticky":false,"template":"","format":"standard","meta":[],"categories":[5,6],"tags":[],"_links":{"self":[{"href":"https:\/\/www.facet.unt.edu.ar\/facetinforma\/wp-json\/wp\/v2\/posts\/8261"}],"collection":[{"href":"https:\/\/www.facet.unt.edu.ar\/facetinforma\/wp-json\/wp\/v2\/posts"}],"about":[{"href":"https:\/\/www.facet.unt.edu.ar\/facetinforma\/wp-json\/wp\/v2\/types\/post"}],"author":[{"embeddable":true,"href":"https:\/\/www.facet.unt.edu.ar\/facetinforma\/wp-json\/wp\/v2\/users\/6"}],"replies":[{"embeddable":true,"href":"https:\/\/www.facet.unt.edu.ar\/facetinforma\/wp-json\/wp\/v2\/comments?post=8261"}],"version-history":[{"count":2,"href":"https:\/\/www.facet.unt.edu.ar\/facetinforma\/wp-json\/wp\/v2\/posts\/8261\/revisions"}],"predecessor-version":[{"id":8264,"href":"https:\/\/www.facet.unt.edu.ar\/facetinforma\/wp-json\/wp\/v2\/posts\/8261\/revisions\/8264"}],"wp:attachment":[{"href":"https:\/\/www.facet.unt.edu.ar\/facetinforma\/wp-json\/wp\/v2\/media?parent=8261"}],"wp:term":[{"taxonomy":"category","embeddable":true,"href":"https:\/\/www.facet.unt.edu.ar\/facetinforma\/wp-json\/wp\/v2\/categories?post=8261"},{"taxonomy":"post_tag","embeddable":true,"href":"https:\/\/www.facet.unt.edu.ar\/facetinforma\/wp-json\/wp\/v2\/tags?post=8261"}],"curies":[{"name":"wp","href":"https:\/\/api.w.org\/{rel}","templated":true}]}}