{"id":8265,"date":"2015-06-09T18:57:03","date_gmt":"2015-06-09T21:57:03","guid":{"rendered":"https:\/\/www.facet.unt.edu.ar\/facetinforma\/?p=8265"},"modified":"2015-06-09T18:57:03","modified_gmt":"2015-06-09T21:57:03","slug":"ingreso-universitario-encuentro-en-la-unse","status":"publish","type":"post","link":"https:\/\/www.facet.unt.edu.ar\/facetinforma\/2015\/06\/09\/ingreso-universitario-encuentro-en-la-unse\/","title":{"rendered":"Ingreso Universitario: Encuentro en la UNSE"},"content":{"rendered":"<p>El &#8220;VI Encuentro Nacional y III Latinoamericano de Ingreso Universitario&#8221;, tendr\u00e1 lugar los d\u00edas 9, 10 y 11 de septiembre de 2015 y est\u00e1 organizado por la Facultad de Humanidades y Ciencias de la Salud de la Universidad Nacional de Santiago del Estero.\u00a0 <!--more--><\/p>\n<p>La propuesta del encuentro est\u00e1 orientada a avanzar en la b\u00fasqueda de alternativas para abordar la real problem\u00e1tica que representa para los estudiantes, en general, la etapa de transici\u00f3n del nivel medio al nivel superior y, concretamente el ingreso y permanencia en la instituci\u00f3n de educaci\u00f3n superior.<\/p>\n<p>Para ver el material informativo acerca de esta actividad, seleccione <a href=\"https:\/\/www.facet.unt.edu.ar\/facetinforma\/wp-content\/uploads\/sites\/9\/2015\/06\/1ERA.-CIRCULAR-UNSE-PDF.pdf\" target=\"_blank\">aqu\u00ed<\/a>.<\/p>\n<p><a href=\"https:\/\/www.facet.unt.edu.ar\/facetinforma\/wp-content\/uploads\/sites\/9\/2015\/06\/ingreso-universitario.jpg\" target=\"_blank\"><img decoding=\"async\" loading=\"lazy\" class=\"aligncenter wp-image-8266 \" src=\"https:\/\/www.facet.unt.edu.ar\/facetinforma\/wp-content\/uploads\/sites\/9\/2015\/06\/ingreso-universitario.jpg\" alt=\"ingreso universitario\" width=\"695\" height=\"421\" srcset=\"https:\/\/www.facet.unt.edu.ar\/facetinforma\/wp-content\/uploads\/sites\/9\/2015\/06\/ingreso-universitario.jpg 859w, https:\/\/www.facet.unt.edu.ar\/facetinforma\/wp-content\/uploads\/sites\/9\/2015\/06\/ingreso-universitario-300x182.jpg 300w\" sizes=\"(max-width: 695px) 100vw, 695px\" \/><\/a><\/p>\n","protected":false},"excerpt":{"rendered":"<p>El &#8220;VI Encuentro Nacional y III Latinoamericano de Ingreso Universitario&#8221;, tendr\u00e1 lugar los d\u00edas 9, 10 y 11 de septiembre de 2015 y est\u00e1 organizado por la Facultad de Humanidades y Ciencias de la Salud de la Universidad Nacional de Santiago del Estero.\u00a0<\/p>\n","protected":false},"author":6,"featured_media":0,"comment_status":"closed","ping_status":"closed","sticky":false,"template":"","format":"standard","meta":[],"categories":[5],"tags":[],"_links":{"self":[{"href":"https:\/\/www.facet.unt.edu.ar\/facetinforma\/wp-json\/wp\/v2\/posts\/8265"}],"collection":[{"href":"https:\/\/www.facet.unt.edu.ar\/facetinforma\/wp-json\/wp\/v2\/posts"}],"about":[{"href":"https:\/\/www.facet.unt.edu.ar\/facetinforma\/wp-json\/wp\/v2\/types\/post"}],"author":[{"embeddable":true,"href":"https:\/\/www.facet.unt.edu.ar\/facetinforma\/wp-json\/wp\/v2\/users\/6"}],"replies":[{"embeddable":true,"href":"https:\/\/www.facet.unt.edu.ar\/facetinforma\/wp-json\/wp\/v2\/comments?post=8265"}],"version-history":[{"count":2,"href":"https:\/\/www.facet.unt.edu.ar\/facetinforma\/wp-json\/wp\/v2\/posts\/8265\/revisions"}],"predecessor-version":[{"id":8269,"href":"https:\/\/www.facet.unt.edu.ar\/facetinforma\/wp-json\/wp\/v2\/posts\/8265\/revisions\/8269"}],"wp:attachment":[{"href":"https:\/\/www.facet.unt.edu.ar\/facetinforma\/wp-json\/wp\/v2\/media?parent=8265"}],"wp:term":[{"taxonomy":"category","embeddable":true,"href":"https:\/\/www.facet.unt.edu.ar\/facetinforma\/wp-json\/wp\/v2\/categories?post=8265"},{"taxonomy":"post_tag","embeddable":true,"href":"https:\/\/www.facet.unt.edu.ar\/facetinforma\/wp-json\/wp\/v2\/tags?post=8265"}],"curies":[{"name":"wp","href":"https:\/\/api.w.org\/{rel}","templated":true}]}}