{"id":8275,"date":"2015-06-10T14:06:10","date_gmt":"2015-06-10T17:06:10","guid":{"rendered":"https:\/\/www.facet.unt.edu.ar\/facetinforma\/?p=8275"},"modified":"2015-06-10T14:06:10","modified_gmt":"2015-06-10T17:06:10","slug":"visita-de-evaluadores-externos-a-facet","status":"publish","type":"post","link":"https:\/\/www.facet.unt.edu.ar\/facetinforma\/2015\/06\/10\/visita-de-evaluadores-externos-a-facet\/","title":{"rendered":"Visita de Evaluadores Externos a FACET"},"content":{"rendered":"<p>Estimados docentes investigadores,<\/p>\n<p>Durante esta semana la UNT recibe a los Evaluadores Externos de la Secretar\u00eda de Articulaci\u00f3n Cient\u00edfico Tecnol\u00f3gica del Ministerio de Ciencia, Tecnolog\u00eda e Innovaci\u00f3n Productiva (MINCyT).\u00a0\u00a0\u00a0 <!--more--><\/p>\n<p>Adjuntamos al presente mail el <a href=\"https:\/\/www.facet.unt.edu.ar\/facetinforma\/wp-content\/uploads\/sites\/9\/2015\/06\/Cronograma-FACET_Evaluaci\u00f3n-Externa.pdf\" target=\"_blank\">cronograma de actividades<\/a> previstas para nuestra Facultad; especialmente las actividades de ma\u00f1ana jueves 11\/06 de 9:30 a 13:15hs.<\/p>\n<p>Considerando que su participaci\u00f3n resulta de fundamental importancia en vistas a construir un Plan de Mejoramiento Institucional (PMI) con apoyo econ\u00f3mico del MinCyT, esperamos contar con vuestra valiosa participaci\u00f3n.<\/p>\n<p>Cordialmente,<\/p>\n<p>&#8212;<br \/>\nDra. Ing. Myriam Herrera<br \/>\nDirectora<br \/>\nDepartamento de Ciencia y T\u00e9cnica<br \/>\nFACET<\/p>\n","protected":false},"excerpt":{"rendered":"<p>Estimados docentes investigadores, Durante esta semana la UNT recibe a los Evaluadores Externos de la Secretar\u00eda de Articulaci\u00f3n Cient\u00edfico Tecnol\u00f3gica del Ministerio de Ciencia, Tecnolog\u00eda e Innovaci\u00f3n Productiva (MINCyT).\u00a0\u00a0\u00a0<\/p>\n","protected":false},"author":6,"featured_media":0,"comment_status":"closed","ping_status":"closed","sticky":false,"template":"","format":"standard","meta":[],"categories":[5],"tags":[],"_links":{"self":[{"href":"https:\/\/www.facet.unt.edu.ar\/facetinforma\/wp-json\/wp\/v2\/posts\/8275"}],"collection":[{"href":"https:\/\/www.facet.unt.edu.ar\/facetinforma\/wp-json\/wp\/v2\/posts"}],"about":[{"href":"https:\/\/www.facet.unt.edu.ar\/facetinforma\/wp-json\/wp\/v2\/types\/post"}],"author":[{"embeddable":true,"href":"https:\/\/www.facet.unt.edu.ar\/facetinforma\/wp-json\/wp\/v2\/users\/6"}],"replies":[{"embeddable":true,"href":"https:\/\/www.facet.unt.edu.ar\/facetinforma\/wp-json\/wp\/v2\/comments?post=8275"}],"version-history":[{"count":1,"href":"https:\/\/www.facet.unt.edu.ar\/facetinforma\/wp-json\/wp\/v2\/posts\/8275\/revisions"}],"predecessor-version":[{"id":8277,"href":"https:\/\/www.facet.unt.edu.ar\/facetinforma\/wp-json\/wp\/v2\/posts\/8275\/revisions\/8277"}],"wp:attachment":[{"href":"https:\/\/www.facet.unt.edu.ar\/facetinforma\/wp-json\/wp\/v2\/media?parent=8275"}],"wp:term":[{"taxonomy":"category","embeddable":true,"href":"https:\/\/www.facet.unt.edu.ar\/facetinforma\/wp-json\/wp\/v2\/categories?post=8275"},{"taxonomy":"post_tag","embeddable":true,"href":"https:\/\/www.facet.unt.edu.ar\/facetinforma\/wp-json\/wp\/v2\/tags?post=8275"}],"curies":[{"name":"wp","href":"https:\/\/api.w.org\/{rel}","templated":true}]}}