{"id":8300,"date":"2015-06-12T11:18:08","date_gmt":"2015-06-12T14:18:08","guid":{"rendered":"https:\/\/www.facet.unt.edu.ar\/facetinforma\/?p=8300"},"modified":"2015-06-12T11:20:56","modified_gmt":"2015-06-12T14:20:56","slug":"busqueda-laboral-importante-empresa-agroindustrial-2","status":"publish","type":"post","link":"https:\/\/www.facet.unt.edu.ar\/facetinforma\/2015\/06\/12\/busqueda-laboral-importante-empresa-agroindustrial-2\/","title":{"rendered":"B\u00fasqueda Laboral IMPORTANTE EMPRESA AGROINDUSTRIAL"},"content":{"rendered":"<p>IMPORTANTE EMPRESA AGROINDUSTRIAL selecciona un Graduado\/a de las carreras de Ingenier\u00eda Industrial \u00f3 Ingenier\u00eda Qu\u00edmica de la FACET.\u00a0\u00a0\u00a0 <!--more--><\/p>\n<p><u>DESCRIPCI\u00d3N DE TAREA\/S Y\/O RESPONSABILIDAD\/ES:<\/u><br \/>\n\u00d8\u00a0Ser\u00e1 responsable del seguimiento de la producci\u00f3n en relaci\u00f3n a los requerimientos comerciales.<\/p>\n<p><u>REQUISITO\/S Y\/O CONOCIMIENTO\/S:<\/u><br \/>\n\u00d8\u00a0Graduado\/as de las Carreras de Ingenier\u00eda Industrial e Ingenier\u00eda Qu\u00edmica de la FACET.<br \/>\n\u00d8\u00a0Experiencia en cargos similares.<br \/>\n\u00d8\u00a0Excelente manejo del idioma ingl\u00e9s (excluyente).<br \/>\n\u00d8\u00a0Se valorar\u00e1 personalidad proactiva y buen manejo de las relaciones interpersonales.<br \/>\n\u00d8\u00a0Dedicaci\u00f3n full time.<\/p>\n<p>Los interesados deben enviar su CV, incluyendo en el mismo la REMUNERACI\u00d3N PRETENDIDA, hasta el <strong>Martes 16 de Junio de 2015<\/strong> a <a href=\"mailto:sae.facet@gmail.com\">sae.facet@gmail.com<\/a> destacando en el Asunto del mail la palabra: \u201cAGROINDUSTRIAL&#8221;. Adjuntar el CV con el formato: DNI-NombreCompleto.doc \u00f3 DNI-NombreCompleto.pdf. Ejemplo: 12345678-MarianaGarcia.doc<\/p>\n<p>IMPORTANTE: No se recibir\u00e1n archivos de m\u00e1s de 500 KB.<\/p>\n<p><a href=\"https:\/\/www.facet.unt.edu.ar\/facetinforma\/wp-content\/uploads\/sites\/9\/2015\/05\/oferta-laboral1.jpg\"><img decoding=\"async\" loading=\"lazy\" class=\"aligncenter size-medium wp-image-7920\" src=\"https:\/\/www.facet.unt.edu.ar\/facetinforma\/wp-content\/uploads\/sites\/9\/2015\/05\/oferta-laboral1-300x187.jpg\" alt=\"oferta laboral\" width=\"300\" height=\"187\" srcset=\"https:\/\/www.facet.unt.edu.ar\/facetinforma\/wp-content\/uploads\/sites\/9\/2015\/05\/oferta-laboral1-300x187.jpg 300w, https:\/\/www.facet.unt.edu.ar\/facetinforma\/wp-content\/uploads\/sites\/9\/2015\/05\/oferta-laboral1-436x272.jpg 436w, https:\/\/www.facet.unt.edu.ar\/facetinforma\/wp-content\/uploads\/sites\/9\/2015\/05\/oferta-laboral1.jpg 500w\" sizes=\"(max-width: 300px) 100vw, 300px\" \/><\/a>Atentamente,<\/p>\n<p>&#8212;<br \/>\nIng. Marcelo Emilio Leiva<br \/>\nCoordinador de Pasant\u00edas y Becas<br \/>\nSecretar\u00eda de Bienestar Estudiantil<br \/>\nFACET &#8211; UNT<\/p>\n","protected":false},"excerpt":{"rendered":"<p>IMPORTANTE EMPRESA AGROINDUSTRIAL selecciona un Graduado\/a de las carreras de Ingenier\u00eda Industrial \u00f3 Ingenier\u00eda Qu\u00edmica de la FACET.\u00a0\u00a0\u00a0<\/p>\n","protected":false},"author":6,"featured_media":0,"comment_status":"closed","ping_status":"closed","sticky":false,"template":"","format":"standard","meta":[],"categories":[5,6],"tags":[],"_links":{"self":[{"href":"https:\/\/www.facet.unt.edu.ar\/facetinforma\/wp-json\/wp\/v2\/posts\/8300"}],"collection":[{"href":"https:\/\/www.facet.unt.edu.ar\/facetinforma\/wp-json\/wp\/v2\/posts"}],"about":[{"href":"https:\/\/www.facet.unt.edu.ar\/facetinforma\/wp-json\/wp\/v2\/types\/post"}],"author":[{"embeddable":true,"href":"https:\/\/www.facet.unt.edu.ar\/facetinforma\/wp-json\/wp\/v2\/users\/6"}],"replies":[{"embeddable":true,"href":"https:\/\/www.facet.unt.edu.ar\/facetinforma\/wp-json\/wp\/v2\/comments?post=8300"}],"version-history":[{"count":3,"href":"https:\/\/www.facet.unt.edu.ar\/facetinforma\/wp-json\/wp\/v2\/posts\/8300\/revisions"}],"predecessor-version":[{"id":8303,"href":"https:\/\/www.facet.unt.edu.ar\/facetinforma\/wp-json\/wp\/v2\/posts\/8300\/revisions\/8303"}],"wp:attachment":[{"href":"https:\/\/www.facet.unt.edu.ar\/facetinforma\/wp-json\/wp\/v2\/media?parent=8300"}],"wp:term":[{"taxonomy":"category","embeddable":true,"href":"https:\/\/www.facet.unt.edu.ar\/facetinforma\/wp-json\/wp\/v2\/categories?post=8300"},{"taxonomy":"post_tag","embeddable":true,"href":"https:\/\/www.facet.unt.edu.ar\/facetinforma\/wp-json\/wp\/v2\/tags?post=8300"}],"curies":[{"name":"wp","href":"https:\/\/api.w.org\/{rel}","templated":true}]}}