{"id":8311,"date":"2015-06-12T11:41:44","date_gmt":"2015-06-12T14:41:44","guid":{"rendered":"https:\/\/www.facet.unt.edu.ar\/facetinforma\/?p=8311"},"modified":"2015-06-12T11:41:44","modified_gmt":"2015-06-12T14:41:44","slug":"seminario-taller-nuevos-desafios-en-temas-de-discapacidad","status":"publish","type":"post","link":"https:\/\/www.facet.unt.edu.ar\/facetinforma\/2015\/06\/12\/seminario-taller-nuevos-desafios-en-temas-de-discapacidad\/","title":{"rendered":"Seminario-Taller: \u201cNuevos desaf\u00edos en temas de discapacidad\u201d"},"content":{"rendered":"<p>La Red de Docentes Universitarios en Salud Social y Comunitaria invita a Ud. al seminario-taller sobre \u201cNuevos desaf\u00edos en temas de discapacidad\u201d, que se llevar\u00e1 a cabo el d\u00eda Mi\u00e9rcoles 17 de Junio de 2015 a horas 14.30, en el Aula\u00a0Moreno<strong>\u00a0<\/strong>de la Escuela de Enfermer\u00eda en Lamadrid 875.\u00a0\u00a0 <!--more--><\/p>\n<p><u>Disertar\u00e1n:<\/u><br \/>\n<strong>Dra. Susana Medina:\u00a0<\/strong>Marco jur\u00eddico y legal.<br \/>\n<strong>Lic. Guadalupe Soria Rivera<\/strong>: Modelo paradigm\u00e1tico social de la discapacidad.<br \/>\n<strong>Ing. Ana Rodriguez:<\/strong>\u00a0La discapacidad en el acceso a los contenidos de los sitios Web.<br \/>\n<strong>Odont Selva Luna<\/strong>: Discapacidad y su accesibilidad a la salud odontol\u00f3gica.<br \/>\n<strong>Sr. Dar\u00edo Maman\u00ed:<\/strong>\u00a0Programa PRODIS de la Secretar\u00eda de Bienestar de la UNT.<\/p>\n<p><a href=\"https:\/\/www.facet.unt.edu.ar\/facetinforma\/wp-content\/uploads\/sites\/9\/2015\/06\/seminario.jpg\" target=\"_blank\"><img decoding=\"async\" loading=\"lazy\" class=\"aligncenter wp-image-8312 size-full\" src=\"https:\/\/www.facet.unt.edu.ar\/facetinforma\/wp-content\/uploads\/sites\/9\/2015\/06\/seminario.jpg\" alt=\"seminario\" width=\"491\" height=\"636\" srcset=\"https:\/\/www.facet.unt.edu.ar\/facetinforma\/wp-content\/uploads\/sites\/9\/2015\/06\/seminario.jpg 491w, https:\/\/www.facet.unt.edu.ar\/facetinforma\/wp-content\/uploads\/sites\/9\/2015\/06\/seminario-232x300.jpg 232w\" sizes=\"(max-width: 491px) 100vw, 491px\" \/><\/a><\/p>\n","protected":false},"excerpt":{"rendered":"<p>La Red de Docentes Universitarios en Salud Social y Comunitaria invita a Ud. al seminario-taller sobre \u201cNuevos desaf\u00edos en temas de discapacidad\u201d, que se llevar\u00e1 a cabo el d\u00eda Mi\u00e9rcoles 17 de Junio de 2015 a horas 14.30, en el Aula\u00a0Moreno\u00a0de la Escuela de Enfermer\u00eda en Lamadrid 875.\u00a0\u00a0<\/p>\n","protected":false},"author":6,"featured_media":0,"comment_status":"closed","ping_status":"closed","sticky":false,"template":"","format":"standard","meta":[],"categories":[5],"tags":[],"_links":{"self":[{"href":"https:\/\/www.facet.unt.edu.ar\/facetinforma\/wp-json\/wp\/v2\/posts\/8311"}],"collection":[{"href":"https:\/\/www.facet.unt.edu.ar\/facetinforma\/wp-json\/wp\/v2\/posts"}],"about":[{"href":"https:\/\/www.facet.unt.edu.ar\/facetinforma\/wp-json\/wp\/v2\/types\/post"}],"author":[{"embeddable":true,"href":"https:\/\/www.facet.unt.edu.ar\/facetinforma\/wp-json\/wp\/v2\/users\/6"}],"replies":[{"embeddable":true,"href":"https:\/\/www.facet.unt.edu.ar\/facetinforma\/wp-json\/wp\/v2\/comments?post=8311"}],"version-history":[{"count":2,"href":"https:\/\/www.facet.unt.edu.ar\/facetinforma\/wp-json\/wp\/v2\/posts\/8311\/revisions"}],"predecessor-version":[{"id":8314,"href":"https:\/\/www.facet.unt.edu.ar\/facetinforma\/wp-json\/wp\/v2\/posts\/8311\/revisions\/8314"}],"wp:attachment":[{"href":"https:\/\/www.facet.unt.edu.ar\/facetinforma\/wp-json\/wp\/v2\/media?parent=8311"}],"wp:term":[{"taxonomy":"category","embeddable":true,"href":"https:\/\/www.facet.unt.edu.ar\/facetinforma\/wp-json\/wp\/v2\/categories?post=8311"},{"taxonomy":"post_tag","embeddable":true,"href":"https:\/\/www.facet.unt.edu.ar\/facetinforma\/wp-json\/wp\/v2\/tags?post=8311"}],"curies":[{"name":"wp","href":"https:\/\/api.w.org\/{rel}","templated":true}]}}