{"id":8315,"date":"2015-06-12T18:09:15","date_gmt":"2015-06-12T21:09:15","guid":{"rendered":"https:\/\/www.facet.unt.edu.ar\/facetinforma\/?p=8315"},"modified":"2015-06-12T18:09:15","modified_gmt":"2015-06-12T21:09:15","slug":"busqueda-laboral-tabacal-agroindustria","status":"publish","type":"post","link":"https:\/\/www.facet.unt.edu.ar\/facetinforma\/2015\/06\/12\/busqueda-laboral-tabacal-agroindustria\/","title":{"rendered":"B\u00fasqueda Laboral TABACAL AGROINDUSTRIA"},"content":{"rendered":"<p>Tabacal Agroindustria busca incorporar un Graduado\/a de las Carreras de Ingenier\u00eda El\u00e9ctrica \u00f3 Ingenier\u00eda Electr\u00f3nica de la FACET para cumplir la funci\u00f3n de Supervisor de Mantenimiento El\u00e9ctrico.\u00a0\u00a0 <!--more--><\/p>\n<p>Tabacal Agroindustria, una compa\u00f1\u00eda de ra\u00edces salte\u00f1as que contin\u00faa creciendo. Ubicada en el departamento de Or\u00e1n, Salta, Tabacal Agroindustria representa uno de los motores econ\u00f3micos en el NOA ya que est\u00e1 presente en los negocios de az\u00facar, alcohol, biocombustibles y generaci\u00f3n de energ\u00eda el\u00e9ctrica. Es tambi\u00e9n el principal empleador privado agroindustrial de la provincia.<\/p>\n<p><u>AREA\/S DE TRABAJO\/S:<\/u><br \/>\n\u00d8\u00a0Mantenimiento El\u00e9ctrico.<\/p>\n<p><u>DESCRIPCI\u00d3N DE TAREA\/S Y\/O RESPONSABILIDAD\/ES:<\/u><br \/>\n\u00d8\u00a0Atender la generaci\u00f3n de los programas de\u00a0 mantenimiento predictivo preventivo y rutinas.<br \/>\n\u00d8\u00a0Generaci\u00f3n de descripciones de stock de materiales y coordinaci\u00f3n con abastecimientos sobre las compras y stock en almacenes.<br \/>\n\u00d8\u00a0Coordinar y supervisar el trabajo de su equipo y de terceros.<\/p>\n<p><u>REQUISITO\/S Y\/O CONOCIMIENTO\/S:<\/u><br \/>\n\u00d8\u00a0Graduado\/as de las Carreras de Ingenier\u00eda El\u00e9ctrica \u00f3 Ingenier\u00eda Electr\u00f3nica de la FACET.<\/p>\n<p><u>SE OFRECE:<\/u><br \/>\n\u00d8\u00a0Integrar un equipo de trabajo profesional y s\u00f3lido.<br \/>\n\u00d8\u00a0Posibilidades de desarrollo.<br \/>\n\u00d8\u00a0Capacitaci\u00f3n t\u00e9cnica y en herramientas de gesti\u00f3n.<br \/>\n\u00d8\u00a0Excelentes condiciones de contrataci\u00f3n.<\/p>\n<p>Los interesados deben enviar su CV hasta el <strong>Domingo 21 de Junio de 2015<\/strong> a <a href=\"mailto:sae.facet@gmail.com\">sae.facet@gmail.com<\/a> destacando en el Asunto del mail la palabra: \u201cTABACAL&#8221;. Adjuntar el CV con el formato: DNI-NombreCompleto.doc \u00f3 DNI-NombreCompleto.pdf. Ejemplo: 12345678-MarianaGarcia.xls<\/p>\n<p>IMPORTANTE: NO SE RECIBIR\u00c1N ARCHIVOS DE M\u00c1S DE 500 KB.<\/p>\n<p><a href=\"https:\/\/www.facet.unt.edu.ar\/facetinforma\/wp-content\/uploads\/sites\/9\/2015\/05\/oferta-laboral1.jpg\"><img decoding=\"async\" loading=\"lazy\" class=\"aligncenter size-medium wp-image-7920\" src=\"https:\/\/www.facet.unt.edu.ar\/facetinforma\/wp-content\/uploads\/sites\/9\/2015\/05\/oferta-laboral1-300x187.jpg\" alt=\"oferta laboral\" width=\"300\" height=\"187\" srcset=\"https:\/\/www.facet.unt.edu.ar\/facetinforma\/wp-content\/uploads\/sites\/9\/2015\/05\/oferta-laboral1-300x187.jpg 300w, https:\/\/www.facet.unt.edu.ar\/facetinforma\/wp-content\/uploads\/sites\/9\/2015\/05\/oferta-laboral1-436x272.jpg 436w, https:\/\/www.facet.unt.edu.ar\/facetinforma\/wp-content\/uploads\/sites\/9\/2015\/05\/oferta-laboral1.jpg 500w\" sizes=\"(max-width: 300px) 100vw, 300px\" \/><\/a>Atentamente,<\/p>\n<p>&#8212;<br \/>\nIng. Marcelo Emilio Leiva<br \/>\nCoordinador de Pasant\u00edas y Becas<br \/>\nSecretar\u00eda de Bienestar Estudiantil<br \/>\nFACET &#8211; UNT<\/p>\n","protected":false},"excerpt":{"rendered":"<p>Tabacal Agroindustria busca incorporar un Graduado\/a de las Carreras de Ingenier\u00eda El\u00e9ctrica \u00f3 Ingenier\u00eda Electr\u00f3nica de la FACET para cumplir la funci\u00f3n de Supervisor de Mantenimiento El\u00e9ctrico.\u00a0\u00a0<\/p>\n","protected":false},"author":6,"featured_media":0,"comment_status":"closed","ping_status":"closed","sticky":false,"template":"","format":"standard","meta":[],"categories":[5,6],"tags":[],"_links":{"self":[{"href":"https:\/\/www.facet.unt.edu.ar\/facetinforma\/wp-json\/wp\/v2\/posts\/8315"}],"collection":[{"href":"https:\/\/www.facet.unt.edu.ar\/facetinforma\/wp-json\/wp\/v2\/posts"}],"about":[{"href":"https:\/\/www.facet.unt.edu.ar\/facetinforma\/wp-json\/wp\/v2\/types\/post"}],"author":[{"embeddable":true,"href":"https:\/\/www.facet.unt.edu.ar\/facetinforma\/wp-json\/wp\/v2\/users\/6"}],"replies":[{"embeddable":true,"href":"https:\/\/www.facet.unt.edu.ar\/facetinforma\/wp-json\/wp\/v2\/comments?post=8315"}],"version-history":[{"count":2,"href":"https:\/\/www.facet.unt.edu.ar\/facetinforma\/wp-json\/wp\/v2\/posts\/8315\/revisions"}],"predecessor-version":[{"id":8317,"href":"https:\/\/www.facet.unt.edu.ar\/facetinforma\/wp-json\/wp\/v2\/posts\/8315\/revisions\/8317"}],"wp:attachment":[{"href":"https:\/\/www.facet.unt.edu.ar\/facetinforma\/wp-json\/wp\/v2\/media?parent=8315"}],"wp:term":[{"taxonomy":"category","embeddable":true,"href":"https:\/\/www.facet.unt.edu.ar\/facetinforma\/wp-json\/wp\/v2\/categories?post=8315"},{"taxonomy":"post_tag","embeddable":true,"href":"https:\/\/www.facet.unt.edu.ar\/facetinforma\/wp-json\/wp\/v2\/tags?post=8315"}],"curies":[{"name":"wp","href":"https:\/\/api.w.org\/{rel}","templated":true}]}}