{"id":8318,"date":"2015-06-12T18:19:22","date_gmt":"2015-06-12T21:19:22","guid":{"rendered":"https:\/\/www.facet.unt.edu.ar\/facetinforma\/?p=8318"},"modified":"2015-06-12T18:20:36","modified_gmt":"2015-06-12T21:20:36","slug":"conferencia-dr-alberto-dandrea-cbt-lista-azul","status":"publish","type":"post","link":"https:\/\/www.facet.unt.edu.ar\/facetinforma\/2015\/06\/12\/conferencia-dr-alberto-dandrea-cbt-lista-azul\/","title":{"rendered":"Conferencia Dr. Alberto D&#8217;Andrea &#8211; CBT Lista Azul"},"content":{"rendered":"<p>La Secretar\u00eda de Ciencia, Arte e Innovaci\u00f3n Tecnol\u00f3gica informa que el 20 de Junio se llevar\u00e1 a cabo en el Hotel Carlos V, a las 10.00 hs, una conferencia organizada por el Colegio de Biotecn\u00f3logos de Tucum\u00e1n: &#8220;Una visi\u00f3n del futuro desde la Biotecnolog\u00eda&#8221;, a cargo del Dr. Alberto D\u00b4Andrea (Pte. de la Confederaci\u00f3n Argentina de Biotecnolog\u00eda).\u00a0\u00a0 <!--more--><\/p>\n<p>M\u00e1s informaci\u00f3n en la imagen adjunta a continuaci\u00f3n:<\/p>\n<p><a href=\"https:\/\/www.facet.unt.edu.ar\/facetinforma\/wp-content\/uploads\/sites\/9\/2015\/06\/unnamed.jpg\" target=\"_blank\"><img decoding=\"async\" loading=\"lazy\" class=\"aligncenter wp-image-8319 \" src=\"https:\/\/www.facet.unt.edu.ar\/facetinforma\/wp-content\/uploads\/sites\/9\/2015\/06\/unnamed.jpg\" alt=\"unnamed\" width=\"880\" height=\"339\" srcset=\"https:\/\/www.facet.unt.edu.ar\/facetinforma\/wp-content\/uploads\/sites\/9\/2015\/06\/unnamed.jpg 1640w, https:\/\/www.facet.unt.edu.ar\/facetinforma\/wp-content\/uploads\/sites\/9\/2015\/06\/unnamed-300x116.jpg 300w, https:\/\/www.facet.unt.edu.ar\/facetinforma\/wp-content\/uploads\/sites\/9\/2015\/06\/unnamed-1024x395.jpg 1024w\" sizes=\"(max-width: 880px) 100vw, 880px\" \/><\/a><\/p>\n","protected":false},"excerpt":{"rendered":"<p>La Secretar\u00eda de Ciencia, Arte e Innovaci\u00f3n Tecnol\u00f3gica informa que el 20 de Junio se llevar\u00e1 a cabo en el Hotel Carlos V, a las 10.00 hs, una conferencia organizada por el Colegio de Biotecn\u00f3logos de Tucum\u00e1n: &#8220;Una visi\u00f3n del futuro desde la Biotecnolog\u00eda&#8221;, a cargo del Dr. Alberto D\u00b4Andrea (Pte. de la Confederaci\u00f3n Argentina [&hellip;]<\/p>\n","protected":false},"author":6,"featured_media":0,"comment_status":"closed","ping_status":"closed","sticky":false,"template":"","format":"standard","meta":[],"categories":[5],"tags":[],"_links":{"self":[{"href":"https:\/\/www.facet.unt.edu.ar\/facetinforma\/wp-json\/wp\/v2\/posts\/8318"}],"collection":[{"href":"https:\/\/www.facet.unt.edu.ar\/facetinforma\/wp-json\/wp\/v2\/posts"}],"about":[{"href":"https:\/\/www.facet.unt.edu.ar\/facetinforma\/wp-json\/wp\/v2\/types\/post"}],"author":[{"embeddable":true,"href":"https:\/\/www.facet.unt.edu.ar\/facetinforma\/wp-json\/wp\/v2\/users\/6"}],"replies":[{"embeddable":true,"href":"https:\/\/www.facet.unt.edu.ar\/facetinforma\/wp-json\/wp\/v2\/comments?post=8318"}],"version-history":[{"count":3,"href":"https:\/\/www.facet.unt.edu.ar\/facetinforma\/wp-json\/wp\/v2\/posts\/8318\/revisions"}],"predecessor-version":[{"id":8322,"href":"https:\/\/www.facet.unt.edu.ar\/facetinforma\/wp-json\/wp\/v2\/posts\/8318\/revisions\/8322"}],"wp:attachment":[{"href":"https:\/\/www.facet.unt.edu.ar\/facetinforma\/wp-json\/wp\/v2\/media?parent=8318"}],"wp:term":[{"taxonomy":"category","embeddable":true,"href":"https:\/\/www.facet.unt.edu.ar\/facetinforma\/wp-json\/wp\/v2\/categories?post=8318"},{"taxonomy":"post_tag","embeddable":true,"href":"https:\/\/www.facet.unt.edu.ar\/facetinforma\/wp-json\/wp\/v2\/tags?post=8318"}],"curies":[{"name":"wp","href":"https:\/\/api.w.org\/{rel}","templated":true}]}}