{"id":8427,"date":"2015-06-23T20:25:57","date_gmt":"2015-06-23T23:25:57","guid":{"rendered":"https:\/\/www.facet.unt.edu.ar\/facetinforma\/?p=8427"},"modified":"2015-06-23T20:33:49","modified_gmt":"2015-06-23T23:33:49","slug":"entrega-de-distinciones-y-premio-24-horas-de-innovacion","status":"publish","type":"post","link":"https:\/\/www.facet.unt.edu.ar\/facetinforma\/2015\/06\/23\/entrega-de-distinciones-y-premio-24-horas-de-innovacion\/","title":{"rendered":"Entrega de Distinciones y Premio &#8211; \u201c24 Horas de Innovaci\u00f3n\u201d"},"content":{"rendered":"<p>La Facultad de Ciencias Exactas y Tecnolog\u00eda hoy hizo entrega de las distinciones correspondientes al primer y segundo lugar de la competencia internacional \u201c24 Horas de Innovaci\u00f3n\u201d.\u00a0\u00a0 <!--more--><\/p>\n<p>Adicionalmente, se entreg\u00f3 el premio en efectivo al equipo ganador \u201cGrupo Norte Arg\u201d correspondiente al proyecto Aerogeneradores.<\/p>\n<table>\n<tbody>\n<tr>\n<td colspan=\"2\"><a href=\"https:\/\/www.facet.unt.edu.ar\/facetinforma\/wp-content\/uploads\/sites\/9\/2015\/06\/IMG_20150623_134813.jpg\"><img decoding=\"async\" loading=\"lazy\" class=\"aligncenter  wp-image-8428\" src=\"https:\/\/www.facet.unt.edu.ar\/facetinforma\/wp-content\/uploads\/sites\/9\/2015\/06\/IMG_20150623_134813-1024x696.jpg\" alt=\"IMG_20150623_134813\" width=\"484\" height=\"329\" srcset=\"https:\/\/www.facet.unt.edu.ar\/facetinforma\/wp-content\/uploads\/sites\/9\/2015\/06\/IMG_20150623_134813-1024x696.jpg 1024w, https:\/\/www.facet.unt.edu.ar\/facetinforma\/wp-content\/uploads\/sites\/9\/2015\/06\/IMG_20150623_134813-300x204.jpg 300w\" sizes=\"(max-width: 484px) 100vw, 484px\" \/><\/a><\/p>\n<p style=\"text-align: center\">Integrantes del equipo ganador \u201cGrupo Norte Arg\u201d y del\u00a0 \u201cGrupo Biotuc\u201d (2do. lugar), junto al Secretario de Gesti\u00f3n y Extensi\u00f3n FACET, Ing. Carlos Rodr\u00edguez.<\/p>\n<\/td>\n<\/tr>\n<tr>\n<td style=\"text-align: center\"><a href=\"https:\/\/www.facet.unt.edu.ar\/facetinforma\/wp-content\/uploads\/sites\/9\/2015\/06\/IMG_20150623_134858.jpg\"><img decoding=\"async\" loading=\"lazy\" class=\"aligncenter  wp-image-8429\" src=\"https:\/\/www.facet.unt.edu.ar\/facetinforma\/wp-content\/uploads\/sites\/9\/2015\/06\/IMG_20150623_134858-1024x560.jpg\" alt=\"IMG_20150623_134858\" width=\"384\" height=\"210\" srcset=\"https:\/\/www.facet.unt.edu.ar\/facetinforma\/wp-content\/uploads\/sites\/9\/2015\/06\/IMG_20150623_134858-1024x560.jpg 1024w, https:\/\/www.facet.unt.edu.ar\/facetinforma\/wp-content\/uploads\/sites\/9\/2015\/06\/IMG_20150623_134858-300x164.jpg 300w\" sizes=\"(max-width: 384px) 100vw, 384px\" \/><\/a>Equipo ganador: &#8220;Grupo Norte Arg&#8221; junto al Ing. Carlos Rodr\u00edguez<\/td>\n<td style=\"text-align: center\"><a href=\"https:\/\/www.facet.unt.edu.ar\/facetinforma\/wp-content\/uploads\/sites\/9\/2015\/06\/IMG_20150623_135000.jpg\"><img decoding=\"async\" loading=\"lazy\" class=\"aligncenter  wp-image-8430\" src=\"https:\/\/www.facet.unt.edu.ar\/facetinforma\/wp-content\/uploads\/sites\/9\/2015\/06\/IMG_20150623_135000-1024x622.jpg\" alt=\"IMG_20150623_135000\" width=\"341\" height=\"207\" srcset=\"https:\/\/www.facet.unt.edu.ar\/facetinforma\/wp-content\/uploads\/sites\/9\/2015\/06\/IMG_20150623_135000-1024x622.jpg 1024w, https:\/\/www.facet.unt.edu.ar\/facetinforma\/wp-content\/uploads\/sites\/9\/2015\/06\/IMG_20150623_135000-300x182.jpg 300w\" sizes=\"(max-width: 341px) 100vw, 341px\" \/><\/a>Integrantes del &#8220;Grupo Biotuc&#8221; (2do lugar) junto al Ing. Carlos Rodr\u00edguez<\/td>\n<\/tr>\n<\/tbody>\n<\/table>\n<p>&nbsp;<\/p>\n","protected":false},"excerpt":{"rendered":"<p>La Facultad de Ciencias Exactas y Tecnolog\u00eda hoy hizo entrega de las distinciones correspondientes al primer y segundo lugar de la competencia internacional \u201c24 Horas de Innovaci\u00f3n\u201d.\u00a0\u00a0<\/p>\n","protected":false},"author":6,"featured_media":0,"comment_status":"closed","ping_status":"closed","sticky":false,"template":"","format":"standard","meta":[],"categories":[5],"tags":[],"_links":{"self":[{"href":"https:\/\/www.facet.unt.edu.ar\/facetinforma\/wp-json\/wp\/v2\/posts\/8427"}],"collection":[{"href":"https:\/\/www.facet.unt.edu.ar\/facetinforma\/wp-json\/wp\/v2\/posts"}],"about":[{"href":"https:\/\/www.facet.unt.edu.ar\/facetinforma\/wp-json\/wp\/v2\/types\/post"}],"author":[{"embeddable":true,"href":"https:\/\/www.facet.unt.edu.ar\/facetinforma\/wp-json\/wp\/v2\/users\/6"}],"replies":[{"embeddable":true,"href":"https:\/\/www.facet.unt.edu.ar\/facetinforma\/wp-json\/wp\/v2\/comments?post=8427"}],"version-history":[{"count":4,"href":"https:\/\/www.facet.unt.edu.ar\/facetinforma\/wp-json\/wp\/v2\/posts\/8427\/revisions"}],"predecessor-version":[{"id":8432,"href":"https:\/\/www.facet.unt.edu.ar\/facetinforma\/wp-json\/wp\/v2\/posts\/8427\/revisions\/8432"}],"wp:attachment":[{"href":"https:\/\/www.facet.unt.edu.ar\/facetinforma\/wp-json\/wp\/v2\/media?parent=8427"}],"wp:term":[{"taxonomy":"category","embeddable":true,"href":"https:\/\/www.facet.unt.edu.ar\/facetinforma\/wp-json\/wp\/v2\/categories?post=8427"},{"taxonomy":"post_tag","embeddable":true,"href":"https:\/\/www.facet.unt.edu.ar\/facetinforma\/wp-json\/wp\/v2\/tags?post=8427"}],"curies":[{"name":"wp","href":"https:\/\/api.w.org\/{rel}","templated":true}]}}