{"id":8594,"date":"2015-07-27T16:16:47","date_gmt":"2015-07-27T19:16:47","guid":{"rendered":"https:\/\/www.facet.unt.edu.ar\/facetinforma\/?p=8594"},"modified":"2015-08-03T11:03:55","modified_gmt":"2015-08-03T14:03:55","slug":"curso-de-posgrado-medicion-de-luz-color-y-apariencia-de-color","status":"publish","type":"post","link":"https:\/\/www.facet.unt.edu.ar\/facetinforma\/2015\/07\/27\/curso-de-posgrado-medicion-de-luz-color-y-apariencia-de-color\/","title":{"rendered":"Curso de Posgrado: \u201cMedici\u00f3n de Luz, Color y Apariencia de Color\u201d"},"content":{"rendered":"<p style=\"text-align: center\"><strong>Carrera de Posgrado<\/strong><br \/>\n<strong>DOCTORADO EN ME<\/strong><strong>DIO AMBIENTE VISUAL E ILUMINACI\u00d3N EFICIENTE<\/strong><br \/>\n<strong>Acreditada y categorizada \u201cB\u201d por la CONEAU (Res. N\u00b0 767\/2012)<\/strong><\/p>\n<p>El curso de posgrado \u201cMedici\u00f3n de Luz, Color y\u00a0Apariencia de Color\u201d se realizar\u00e1 desde el 17 al 21 de Agosto 2015 en los horarios de 9 a 12 hs y de 15 a 18 hs. en el Dpto. de Luminotecnia, Luz y Visi\u00f3n \u201cIng. Herberto C. B\u00fchler\u201d de la Facultad de Ciencias Exactas y Tecnolog\u00eda de la UNT, Av. Independencia 1800.\u00a0\u00a0 <!--more--><\/p>\n<p><strong><u>Duraci\u00f3n<\/u><\/strong>: 30 horas<br \/>\n<strong><u>Responsable<\/u><\/strong>: Peter Hanselaer, es doctor en F\u00edsica en la Universidad de Gent<br \/>\n<strong><u>Coordinador por la UNT<\/u><\/strong>: Dr. Eduardo Roberto Manzano \u2013 DLLyV-FaCEyT-UNT.<\/p>\n<p><strong><u>Programa<\/u><\/strong>:<br \/>\n&#8211;\u00a0\u00a0\u00a0\u00a0 Mediciones e instrumentos de medici\u00f3n: Mediciones visuales y mediciones f\u00edsicas. Condiciones y restricciones del arreglo experimental para realizar mediciones. Detectores \u00f3pticos. Caracter\u00edsticas de medici\u00f3n. Ancho de banda. Resoluci\u00f3n temporal, espacial, espectral. Instrumentos. Calibraci\u00f3n. Redes de difracci\u00f3n. Filtros. Diafragmas. Monocromadores. Espectrorradi\u00f3metros. Espectrofot\u00f3metros. C\u00e1maras CCD y CMOS. Color\u00edmetros. Caracterizaci\u00f3n visual. Cabinas de iluminaci\u00f3n. Uso de atlas.<br \/>\n&#8211;\u00a0\u00a0\u00a0\u00a0 Medici\u00f3n de luz: M\u00e9todos de medici\u00f3n espaciales (fotogoni\u00f3metros) e integrales (esfera integradora). Medici\u00f3n de flujo radiante y flujo luminoso. Medici\u00f3n de irradiancia e iluminancia. Medici\u00f3n de radiancia y luminancia. Medici\u00f3n de intensidad radiante e intensidad luminosa. Distribuci\u00f3n espacial de la intensidad luminosa. Distribuci\u00f3n espectral de la intensidad. M\u00e9todos de comparaci\u00f3n de espectros.<br \/>\n&#8211;\u00a0\u00a0\u00a0\u00a0 Medici\u00f3n de color: Clasificaci\u00f3n del color. Igualaci\u00f3n del color. Distribuci\u00f3n espectral del est\u00edmulo de color. Caracter\u00edsticas de color de objetos. Determinaci\u00f3n de valores triest\u00edmulo. Determinaci\u00f3n de coordenadas crom\u00e1ticas. Espacios uniformes. Diferencias de color. Caracter\u00edsticas de color de fuentes luminosas. Determinaci\u00f3n de temperatura de color y temperatura de color correlacionada. Rendimiento de color e \u00edndices de reproducci\u00f3n del color.<br \/>\n&#8211;\u00a0\u00a0\u00a0\u00a0 Determinaci\u00f3n de apariencia de color: Bases de la determinaci\u00f3n de apariencia. Sistemas de ordenamiento. Espacios de color uniforme, CIELuv y CIELab. Colores relacionados y no-relacionados. Adaptaci\u00f3n crom\u00e1tica. Modelos de apariencia de color.<\/p>\n<p><strong><span style=\"text-decoration: underline\">Expositor<\/span>: <\/strong>Prof. Dr. Peter Hanselaer es doctor en F\u00edsica en la Universidad de Gent. Actualmente es profesor de la Universidad Cat\u00f3lica Colegio Sint Lieven, Ghent &#8211; Belgium, y profesor asociado de la Universidad Cat\u00f3lica de Lovaina, depto. EAST \/ ELECTA. En septiembre de 2011, se convirti\u00f3 en vicepresidente del Departamento de Ingenier\u00eda Industrial, responsable por la investigaci\u00f3n y la cooperaci\u00f3n internacional.<br \/>\nEs miembro de la junta del Instituto Belga de iluminaci\u00f3n y el delegado de B\u00e9lgica en la CIE, divisi\u00f3n 1. En 1997, Peter fund\u00f3 el Laboratorio de Luz e Iluminaci\u00f3n, que fue apoyada por TVN de Flandes y varios socios industriales y cient\u00edficos. Actualmente, el Laboratorio es hu\u00e9sped de 15 personas. Actividades de investigaci\u00f3n cient\u00edfica de doctorado se combinan con actividades de consultor\u00eda a la industria flamenca de las principales \u00e1reas de investigaci\u00f3n son la caracterizaci\u00f3n radiom\u00e9trica espectral y fotom\u00e9trico de fuentes de luz (flujo, temperatura de color) y materiales (reflexi\u00f3n, dispersi\u00f3n, fluorescencia), el desarrollo de aplicaciones LED y OLED, dise\u00f1o \u00f3ptico, iluminaci\u00f3n de bajo consumo y sistemas aut\u00f3nomos fotovoltaicos.<\/p>\n<p>Colaboran en dise\u00f1o y armado de las actividades pr\u00e1cticas los docentes investigadores del DLLyV-UNT: Jos\u00e9 Sandoval y Eduardo Manzano.<\/p>\n<p><strong><span style=\"text-decoration: underline\">Aranceles de Inscripci\u00f3n<\/span>:\u00a0<\/strong><br \/>\nGeneral: $ 800; Becarios y Tesistas de Posgrado del DLLyV-ILAV, y Docentes de la UNT: $ 400<\/p>\n<p>Para descargar la ficha de inscripci\u00f3n, seleccione <a href=\"https:\/\/www.facet.unt.edu.ar\/facetinforma\/wp-content\/uploads\/sites\/9\/2015\/07\/FI-apellido-Curso-MEDICI\u00d3N-DE-LUZ-2015.doc\" target=\"_blank\">aqu\u00ed<\/a>.<\/p>\n<p><span style=\"text-decoration: underline\"><strong>Informes<\/strong><\/span>:<br \/>\nDepartamento de Luminotecnia, Luz y Visi\u00f3n &#8220;Ing. Herberto C. B\u00fchler&#8221;<br \/>\nFacultad de Ciencias Exactas y Tecnolog\u00eda &#8211; Universidad Nacional de Tucum\u00e1n<br \/>\nAvda. Independencia 1800 &#8211; T4002BLR \u2013 Tucum\u00e1n &#8211;\u00a0 Argentina<br \/>\nTel.: +54 381 4364093 Int. 7715 \/ 7785 \u2013 Tel\/Fax: +54 381 4361936<br \/>\n<a href=\"mailto:ilum@herrera.unt.edu.ar\">ilum@herrera.unt.edu.ar\u00a0 <\/a>\/ \u00a0<a href=\"http:\/\/www1.herrera.unt.edu.ar\/faceyt\/dllyv\">www1.herrera.unt.edu.ar\/faceyt\/dllyv<\/a><\/p>\n","protected":false},"excerpt":{"rendered":"<p>Carrera de Posgrado DOCTORADO EN MEDIO AMBIENTE VISUAL E ILUMINACI\u00d3N EFICIENTE Acreditada y categorizada \u201cB\u201d por la CONEAU (Res. N\u00b0 767\/2012) El curso de posgrado \u201cMedici\u00f3n de Luz, Color y\u00a0Apariencia de Color\u201d se realizar\u00e1 desde el 17 al 21 de Agosto 2015 en los horarios de 9 a 12 hs y de 15 a 18 [&hellip;]<\/p>\n","protected":false},"author":6,"featured_media":0,"comment_status":"closed","ping_status":"closed","sticky":false,"template":"","format":"standard","meta":[],"categories":[5,4],"tags":[],"_links":{"self":[{"href":"https:\/\/www.facet.unt.edu.ar\/facetinforma\/wp-json\/wp\/v2\/posts\/8594"}],"collection":[{"href":"https:\/\/www.facet.unt.edu.ar\/facetinforma\/wp-json\/wp\/v2\/posts"}],"about":[{"href":"https:\/\/www.facet.unt.edu.ar\/facetinforma\/wp-json\/wp\/v2\/types\/post"}],"author":[{"embeddable":true,"href":"https:\/\/www.facet.unt.edu.ar\/facetinforma\/wp-json\/wp\/v2\/users\/6"}],"replies":[{"embeddable":true,"href":"https:\/\/www.facet.unt.edu.ar\/facetinforma\/wp-json\/wp\/v2\/comments?post=8594"}],"version-history":[{"count":3,"href":"https:\/\/www.facet.unt.edu.ar\/facetinforma\/wp-json\/wp\/v2\/posts\/8594\/revisions"}],"predecessor-version":[{"id":8638,"href":"https:\/\/www.facet.unt.edu.ar\/facetinforma\/wp-json\/wp\/v2\/posts\/8594\/revisions\/8638"}],"wp:attachment":[{"href":"https:\/\/www.facet.unt.edu.ar\/facetinforma\/wp-json\/wp\/v2\/media?parent=8594"}],"wp:term":[{"taxonomy":"category","embeddable":true,"href":"https:\/\/www.facet.unt.edu.ar\/facetinforma\/wp-json\/wp\/v2\/categories?post=8594"},{"taxonomy":"post_tag","embeddable":true,"href":"https:\/\/www.facet.unt.edu.ar\/facetinforma\/wp-json\/wp\/v2\/tags?post=8594"}],"curies":[{"name":"wp","href":"https:\/\/api.w.org\/{rel}","templated":true}]}}