{"id":866,"date":"2012-05-14T10:12:27","date_gmt":"2012-05-14T10:12:27","guid":{"rendered":"http:\/\/www1.herrera.unt.edu.ar\/facetinforma\/?p=866"},"modified":"2012-05-14T10:12:27","modified_gmt":"2012-05-14T10:12:27","slug":"presentacion-del-proyecto-de-ley-del-instituto-nacional-de-energias-renovables-indener","status":"publish","type":"post","link":"https:\/\/www.facet.unt.edu.ar\/facetinforma\/2012\/05\/14\/presentacion-del-proyecto-de-ley-del-instituto-nacional-de-energias-renovables-indener\/","title":{"rendered":"Presentaci\u00f3n del Proyecto de Ley del &#8220;Instituto Nacional de Energ\u00edas Renovables &#8211; Indener&#8221;"},"content":{"rendered":"<p>Se informa a la comunidad de la Facultad de Ciencias Exactas y Tecnolog\u00eda, que el d\u00eda Martes 15 de Mayo a las 11:00 hs en el S.U.M. del Centro\u00a0Cultural\u00a0Ing. Eugenio Flavio Virla,\u00a0\u00a0sito en calle 25 de Mayo 265, Primer Piso de esta Ciudad, se realizar\u00e1 la Presentaci\u00f3n del Proyecto de Ley del &#8220;Instituto Nacional de Energ\u00edas Renovables &#8211; Indener&#8221;.\u00a0<\/p>\n<p>Dicha presentaci\u00f3n estar\u00e1 a cargo de los Diputados Nacionales por esta provincia, Luis Sacca y Juan Casa\u00f1as.<\/p>\n<h6><span style=\"font-size: x-small;font-family: times new roman,times\">&#8212;<\/span><br \/><span style=\"font-size: x-small;font-family: times new roman,times\">Prof. Ing. Carlos Alberto Rodr\u00edguez (MSc)<\/span><br \/><span style=\"font-size: x-small;font-family: times new roman,times\"> Secretario de Gesti\u00f3n y Extensi\u00f3n<\/span><br \/><span style=\"font-size: x-small;font-family: times new roman,times\"> Facultad de Ciencias Exactas y Tecnolog\u00eda<\/span><br \/><span style=\"font-size: x-small;font-family: times new roman,times\"> Universidad Nacional de Tucum\u00e1n<\/span><\/h6>\n","protected":false},"excerpt":{"rendered":"<p>Se informa a la comunidad de la Facultad de Ciencias Exactas y Tecnolog\u00eda, que el d\u00eda Martes 15 de Mayo a las 11:00 hs en el S.U.M. del Centro\u00a0Cultural\u00a0Ing. Eugenio Flavio Virla,\u00a0\u00a0sito en calle 25 de Mayo 265, Primer Piso de esta Ciudad, se realizar\u00e1 la Presentaci\u00f3n del Proyecto de Ley del &#8220;Instituto Nacional de [&hellip;]<\/p>\n","protected":false},"author":6,"featured_media":0,"comment_status":"closed","ping_status":"open","sticky":false,"template":"","format":"standard","meta":[],"categories":[5],"tags":[],"_links":{"self":[{"href":"https:\/\/www.facet.unt.edu.ar\/facetinforma\/wp-json\/wp\/v2\/posts\/866"}],"collection":[{"href":"https:\/\/www.facet.unt.edu.ar\/facetinforma\/wp-json\/wp\/v2\/posts"}],"about":[{"href":"https:\/\/www.facet.unt.edu.ar\/facetinforma\/wp-json\/wp\/v2\/types\/post"}],"author":[{"embeddable":true,"href":"https:\/\/www.facet.unt.edu.ar\/facetinforma\/wp-json\/wp\/v2\/users\/6"}],"replies":[{"embeddable":true,"href":"https:\/\/www.facet.unt.edu.ar\/facetinforma\/wp-json\/wp\/v2\/comments?post=866"}],"version-history":[{"count":0,"href":"https:\/\/www.facet.unt.edu.ar\/facetinforma\/wp-json\/wp\/v2\/posts\/866\/revisions"}],"wp:attachment":[{"href":"https:\/\/www.facet.unt.edu.ar\/facetinforma\/wp-json\/wp\/v2\/media?parent=866"}],"wp:term":[{"taxonomy":"category","embeddable":true,"href":"https:\/\/www.facet.unt.edu.ar\/facetinforma\/wp-json\/wp\/v2\/categories?post=866"},{"taxonomy":"post_tag","embeddable":true,"href":"https:\/\/www.facet.unt.edu.ar\/facetinforma\/wp-json\/wp\/v2\/tags?post=866"}],"curies":[{"name":"wp","href":"https:\/\/api.w.org\/{rel}","templated":true}]}}