{"id":8669,"date":"2015-08-10T12:48:18","date_gmt":"2015-08-10T15:48:18","guid":{"rendered":"https:\/\/www.facet.unt.edu.ar\/facetinforma\/?p=8669"},"modified":"2015-08-11T12:49:25","modified_gmt":"2015-08-11T15:49:25","slug":"playa-de-estacionamiento-inhabilitada-martes-11-de-agosto","status":"publish","type":"post","link":"https:\/\/www.facet.unt.edu.ar\/facetinforma\/2015\/08\/10\/playa-de-estacionamiento-inhabilitada-martes-11-de-agosto\/","title":{"rendered":"Playa de Estacionamiento Inhabilitada \u2013 Martes 11 de Agosto"},"content":{"rendered":"<p>Se informa a la comunidad de la FACET que ma\u00f1ana, martes 11 de agosto, la Playa de Estacionamiento del Sector de Luminotecnia estar\u00e1 inhabilitada durante todo el d\u00eda debido al ingreso de camiones y, posterior descarga de equipos para Laboratorios de Qu\u00edmica, provenientes del INTI Buenos Aires. Por tal motivo, la Playa de Estacionamiento del Decanato se encontrar\u00e1 parcialmente inhabilitada.<\/p>\n<p>&nbsp;<\/p>\n<p>&nbsp;<\/p>\n","protected":false},"excerpt":{"rendered":"<p>Se informa a la comunidad de la FACET que ma\u00f1ana, martes 11 de agosto, la Playa de Estacionamiento del Sector de Luminotecnia estar\u00e1 inhabilitada durante todo el d\u00eda debido al ingreso de camiones y, posterior descarga de equipos para Laboratorios de Qu\u00edmica, provenientes del INTI Buenos Aires. Por tal motivo, la Playa de Estacionamiento del [&hellip;]<\/p>\n","protected":false},"author":6,"featured_media":0,"comment_status":"closed","ping_status":"closed","sticky":false,"template":"","format":"standard","meta":[],"categories":[1],"tags":[],"_links":{"self":[{"href":"https:\/\/www.facet.unt.edu.ar\/facetinforma\/wp-json\/wp\/v2\/posts\/8669"}],"collection":[{"href":"https:\/\/www.facet.unt.edu.ar\/facetinforma\/wp-json\/wp\/v2\/posts"}],"about":[{"href":"https:\/\/www.facet.unt.edu.ar\/facetinforma\/wp-json\/wp\/v2\/types\/post"}],"author":[{"embeddable":true,"href":"https:\/\/www.facet.unt.edu.ar\/facetinforma\/wp-json\/wp\/v2\/users\/6"}],"replies":[{"embeddable":true,"href":"https:\/\/www.facet.unt.edu.ar\/facetinforma\/wp-json\/wp\/v2\/comments?post=8669"}],"version-history":[{"count":3,"href":"https:\/\/www.facet.unt.edu.ar\/facetinforma\/wp-json\/wp\/v2\/posts\/8669\/revisions"}],"predecessor-version":[{"id":8688,"href":"https:\/\/www.facet.unt.edu.ar\/facetinforma\/wp-json\/wp\/v2\/posts\/8669\/revisions\/8688"}],"wp:attachment":[{"href":"https:\/\/www.facet.unt.edu.ar\/facetinforma\/wp-json\/wp\/v2\/media?parent=8669"}],"wp:term":[{"taxonomy":"category","embeddable":true,"href":"https:\/\/www.facet.unt.edu.ar\/facetinforma\/wp-json\/wp\/v2\/categories?post=8669"},{"taxonomy":"post_tag","embeddable":true,"href":"https:\/\/www.facet.unt.edu.ar\/facetinforma\/wp-json\/wp\/v2\/tags?post=8669"}],"curies":[{"name":"wp","href":"https:\/\/api.w.org\/{rel}","templated":true}]}}