{"id":8943,"date":"2015-09-14T18:15:29","date_gmt":"2015-09-14T21:15:29","guid":{"rendered":"https:\/\/www.facet.unt.edu.ar\/facetinforma\/?p=8943"},"modified":"2015-09-14T18:15:29","modified_gmt":"2015-09-14T21:15:29","slug":"consejo-directivo-facet-orden-del-dia-1609-2","status":"publish","type":"post","link":"https:\/\/www.facet.unt.edu.ar\/facetinforma\/2015\/09\/14\/consejo-directivo-facet-orden-del-dia-1609-2\/","title":{"rendered":"Consejo Directivo FACET \u2013 Orden del D\u00eda 16\/09"},"content":{"rendered":"<p>Se\u00f1or\/a Consejero\/a:<\/p>\n<p>Por disposici\u00f3n del Sr. Decano, invitamos a Ud. a la Reuni\u00f3n Ordinaria del Consejo Directivo, que se realizar\u00e1 el d\u00eda Mi\u00e9rcoles 16 del corriente a horas 10.00 para considerar el siguiente:<br \/>\n&#8211; <a href=\"https:\/\/www.facet.unt.edu.ar\/facetinforma\/wp-content\/uploads\/sites\/9\/2015\/09\/Orden-del-d\u00eda-16-09-15.pdf\" target=\"_blank\">ORDEN DEL DIA 16\/09\/2015.pdf<\/a><\/p>\n","protected":false},"excerpt":{"rendered":"<p>Se\u00f1or\/a Consejero\/a: Por disposici\u00f3n del Sr. Decano, invitamos a Ud. a la Reuni\u00f3n Ordinaria del Consejo Directivo, que se realizar\u00e1 el d\u00eda Mi\u00e9rcoles 16 del corriente a horas 10.00 para considerar el siguiente: &#8211; ORDEN DEL DIA 16\/09\/2015.pdf<\/p>\n","protected":false},"author":6,"featured_media":0,"comment_status":"closed","ping_status":"closed","sticky":false,"template":"","format":"standard","meta":[],"categories":[5],"tags":[],"_links":{"self":[{"href":"https:\/\/www.facet.unt.edu.ar\/facetinforma\/wp-json\/wp\/v2\/posts\/8943"}],"collection":[{"href":"https:\/\/www.facet.unt.edu.ar\/facetinforma\/wp-json\/wp\/v2\/posts"}],"about":[{"href":"https:\/\/www.facet.unt.edu.ar\/facetinforma\/wp-json\/wp\/v2\/types\/post"}],"author":[{"embeddable":true,"href":"https:\/\/www.facet.unt.edu.ar\/facetinforma\/wp-json\/wp\/v2\/users\/6"}],"replies":[{"embeddable":true,"href":"https:\/\/www.facet.unt.edu.ar\/facetinforma\/wp-json\/wp\/v2\/comments?post=8943"}],"version-history":[{"count":2,"href":"https:\/\/www.facet.unt.edu.ar\/facetinforma\/wp-json\/wp\/v2\/posts\/8943\/revisions"}],"predecessor-version":[{"id":8945,"href":"https:\/\/www.facet.unt.edu.ar\/facetinforma\/wp-json\/wp\/v2\/posts\/8943\/revisions\/8945"}],"wp:attachment":[{"href":"https:\/\/www.facet.unt.edu.ar\/facetinforma\/wp-json\/wp\/v2\/media?parent=8943"}],"wp:term":[{"taxonomy":"category","embeddable":true,"href":"https:\/\/www.facet.unt.edu.ar\/facetinforma\/wp-json\/wp\/v2\/categories?post=8943"},{"taxonomy":"post_tag","embeddable":true,"href":"https:\/\/www.facet.unt.edu.ar\/facetinforma\/wp-json\/wp\/v2\/tags?post=8943"}],"curies":[{"name":"wp","href":"https:\/\/api.w.org\/{rel}","templated":true}]}}