{"id":8946,"date":"2015-09-14T18:27:09","date_gmt":"2015-09-14T21:27:09","guid":{"rendered":"https:\/\/www.facet.unt.edu.ar\/facetinforma\/?p=8946"},"modified":"2015-09-14T18:30:06","modified_gmt":"2015-09-14T21:30:06","slug":"semana-nacional-del-emprendedor-tecnologico-2015-seminario-comercio-exterior","status":"publish","type":"post","link":"https:\/\/www.facet.unt.edu.ar\/facetinforma\/2015\/09\/14\/semana-nacional-del-emprendedor-tecnologico-2015-seminario-comercio-exterior\/","title":{"rendered":"Semana Nacional del Emprendedor Tecnol\u00f3gico 2015 &#8211; Seminario \u201cComercio Exterior\u201d"},"content":{"rendered":"<p>Dando comienzo a la Semana Nacional del Emprendedor Tecnol\u00f3gico 2015, y con el auspicio de la Secretar\u00eda de Gesti\u00f3n y Extensi\u00f3n de la FACET, el Lic. Luis Honorato, Presidente de la C\u00e1mara de Comercio Exterior de Tucum\u00e1n, disert\u00f3 en el d\u00eda de la fecha en la Sala Dr. Orlando Bravo.\u00a0\u00a0 <!--more--><\/p>\n<p>Estudiantes de las Carreras de Ingenier\u00eda Industrial,\u00a0Civil y Agrimensura entre otras, participaron activamente durante la disertaci\u00f3n que abord\u00f3 diversos t\u00f3picos acerca de la pr\u00e1ctica de comercio exterior.<\/p>\n<table>\n<tbody>\n<tr>\n<td><a href=\"https:\/\/www.facet.unt.edu.ar\/facetinforma\/wp-content\/uploads\/sites\/9\/2015\/09\/20150914_092804.jpg\"><img decoding=\"async\" loading=\"lazy\" class=\"aligncenter size-medium wp-image-8948\" src=\"https:\/\/www.facet.unt.edu.ar\/facetinforma\/wp-content\/uploads\/sites\/9\/2015\/09\/20150914_092804-300x225.jpg\" alt=\"20150914_092804\" width=\"300\" height=\"225\" srcset=\"https:\/\/www.facet.unt.edu.ar\/facetinforma\/wp-content\/uploads\/sites\/9\/2015\/09\/20150914_092804-300x225.jpg 300w, https:\/\/www.facet.unt.edu.ar\/facetinforma\/wp-content\/uploads\/sites\/9\/2015\/09\/20150914_092804-1024x768.jpg 1024w\" sizes=\"(max-width: 300px) 100vw, 300px\" \/><\/a><\/td>\n<td><a href=\"https:\/\/www.facet.unt.edu.ar\/facetinforma\/wp-content\/uploads\/sites\/9\/2015\/09\/20150914_094033.jpg\"><img decoding=\"async\" loading=\"lazy\" class=\"aligncenter size-medium wp-image-8949\" src=\"https:\/\/www.facet.unt.edu.ar\/facetinforma\/wp-content\/uploads\/sites\/9\/2015\/09\/20150914_094033-300x225.jpg\" alt=\"20150914_094033\" width=\"300\" height=\"225\" srcset=\"https:\/\/www.facet.unt.edu.ar\/facetinforma\/wp-content\/uploads\/sites\/9\/2015\/09\/20150914_094033-300x225.jpg 300w, https:\/\/www.facet.unt.edu.ar\/facetinforma\/wp-content\/uploads\/sites\/9\/2015\/09\/20150914_094033-1024x768.jpg 1024w\" sizes=\"(max-width: 300px) 100vw, 300px\" \/><\/a><\/td>\n<\/tr>\n<\/tbody>\n<\/table>\n<table>\n<tbody>\n<tr>\n<td><a href=\"https:\/\/www.facet.unt.edu.ar\/facetinforma\/wp-content\/uploads\/sites\/9\/2015\/09\/20150914_092742.jpg\"><img decoding=\"async\" loading=\"lazy\" class=\"aligncenter wp-image-8947 \" src=\"https:\/\/www.facet.unt.edu.ar\/facetinforma\/wp-content\/uploads\/sites\/9\/2015\/09\/20150914_092742-1024x768.jpg\" alt=\"20150914_092742\" width=\"446\" height=\"334\" srcset=\"https:\/\/www.facet.unt.edu.ar\/facetinforma\/wp-content\/uploads\/sites\/9\/2015\/09\/20150914_092742-1024x768.jpg 1024w, https:\/\/www.facet.unt.edu.ar\/facetinforma\/wp-content\/uploads\/sites\/9\/2015\/09\/20150914_092742-300x225.jpg 300w\" sizes=\"(max-width: 446px) 100vw, 446px\" \/><\/a><\/td>\n<\/tr>\n<\/tbody>\n<\/table>\n<p>&nbsp;<\/p>\n","protected":false},"excerpt":{"rendered":"<p>Dando comienzo a la Semana Nacional del Emprendedor Tecnol\u00f3gico 2015, y con el auspicio de la Secretar\u00eda de Gesti\u00f3n y Extensi\u00f3n de la FACET, el Lic. Luis Honorato, Presidente de la C\u00e1mara de Comercio Exterior de Tucum\u00e1n, disert\u00f3 en el d\u00eda de la fecha en la Sala Dr. Orlando Bravo.\u00a0\u00a0<\/p>\n","protected":false},"author":6,"featured_media":0,"comment_status":"closed","ping_status":"closed","sticky":false,"template":"","format":"standard","meta":[],"categories":[5],"tags":[],"_links":{"self":[{"href":"https:\/\/www.facet.unt.edu.ar\/facetinforma\/wp-json\/wp\/v2\/posts\/8946"}],"collection":[{"href":"https:\/\/www.facet.unt.edu.ar\/facetinforma\/wp-json\/wp\/v2\/posts"}],"about":[{"href":"https:\/\/www.facet.unt.edu.ar\/facetinforma\/wp-json\/wp\/v2\/types\/post"}],"author":[{"embeddable":true,"href":"https:\/\/www.facet.unt.edu.ar\/facetinforma\/wp-json\/wp\/v2\/users\/6"}],"replies":[{"embeddable":true,"href":"https:\/\/www.facet.unt.edu.ar\/facetinforma\/wp-json\/wp\/v2\/comments?post=8946"}],"version-history":[{"count":3,"href":"https:\/\/www.facet.unt.edu.ar\/facetinforma\/wp-json\/wp\/v2\/posts\/8946\/revisions"}],"predecessor-version":[{"id":8951,"href":"https:\/\/www.facet.unt.edu.ar\/facetinforma\/wp-json\/wp\/v2\/posts\/8946\/revisions\/8951"}],"wp:attachment":[{"href":"https:\/\/www.facet.unt.edu.ar\/facetinforma\/wp-json\/wp\/v2\/media?parent=8946"}],"wp:term":[{"taxonomy":"category","embeddable":true,"href":"https:\/\/www.facet.unt.edu.ar\/facetinforma\/wp-json\/wp\/v2\/categories?post=8946"},{"taxonomy":"post_tag","embeddable":true,"href":"https:\/\/www.facet.unt.edu.ar\/facetinforma\/wp-json\/wp\/v2\/tags?post=8946"}],"curies":[{"name":"wp","href":"https:\/\/api.w.org\/{rel}","templated":true}]}}