{"id":8962,"date":"2015-09-15T18:08:18","date_gmt":"2015-09-15T21:08:18","guid":{"rendered":"https:\/\/www.facet.unt.edu.ar\/facetinforma\/?p=8962"},"modified":"2015-09-15T18:13:41","modified_gmt":"2015-09-15T21:13:41","slug":"asociacion-cooperadora-facet-asamblea-ordinaria","status":"publish","type":"post","link":"https:\/\/www.facet.unt.edu.ar\/facetinforma\/2015\/09\/15\/asociacion-cooperadora-facet-asamblea-ordinaria\/","title":{"rendered":"Asociaci\u00f3n Cooperadora FACET &#8211; Asamblea Ordinaria"},"content":{"rendered":"<p>La Asociaci\u00f3n Cooperadora FACET informa que su Asamblea Ordinaria se realizar\u00e1 ma\u00f1ana Mi\u00e9rcoles 16 de Septiembre a horas 8.30 en la Sala de Audiovisuales de la FACET.\u00a0\u00a0 <!--more--><\/p>\n<p><u>ORDEN DEL DIA<\/u><\/p>\n<ol>\n<li>Lectura acta Asamblea anterior.<\/li>\n<li>Consideraci\u00f3n de memoria, balance, inventario e informe de Comisi\u00f3n Revisora de Cuentas del ejercicio cerrado el 30\/04\/2014.<\/li>\n<li>Designaci\u00f3n de dos asociados para firmar el acta.<\/li>\n<li>Demora en la convocatoria a Asamblea Ordinaria.<\/li>\n<\/ol>\n","protected":false},"excerpt":{"rendered":"<p>La Asociaci\u00f3n Cooperadora FACET informa que su Asamblea Ordinaria se realizar\u00e1 ma\u00f1ana Mi\u00e9rcoles 16 de Septiembre a horas 8.30 en la Sala de Audiovisuales de la FACET.\u00a0\u00a0<\/p>\n","protected":false},"author":6,"featured_media":0,"comment_status":"closed","ping_status":"closed","sticky":false,"template":"","format":"standard","meta":[],"categories":[5],"tags":[],"_links":{"self":[{"href":"https:\/\/www.facet.unt.edu.ar\/facetinforma\/wp-json\/wp\/v2\/posts\/8962"}],"collection":[{"href":"https:\/\/www.facet.unt.edu.ar\/facetinforma\/wp-json\/wp\/v2\/posts"}],"about":[{"href":"https:\/\/www.facet.unt.edu.ar\/facetinforma\/wp-json\/wp\/v2\/types\/post"}],"author":[{"embeddable":true,"href":"https:\/\/www.facet.unt.edu.ar\/facetinforma\/wp-json\/wp\/v2\/users\/6"}],"replies":[{"embeddable":true,"href":"https:\/\/www.facet.unt.edu.ar\/facetinforma\/wp-json\/wp\/v2\/comments?post=8962"}],"version-history":[{"count":2,"href":"https:\/\/www.facet.unt.edu.ar\/facetinforma\/wp-json\/wp\/v2\/posts\/8962\/revisions"}],"predecessor-version":[{"id":8964,"href":"https:\/\/www.facet.unt.edu.ar\/facetinforma\/wp-json\/wp\/v2\/posts\/8962\/revisions\/8964"}],"wp:attachment":[{"href":"https:\/\/www.facet.unt.edu.ar\/facetinforma\/wp-json\/wp\/v2\/media?parent=8962"}],"wp:term":[{"taxonomy":"category","embeddable":true,"href":"https:\/\/www.facet.unt.edu.ar\/facetinforma\/wp-json\/wp\/v2\/categories?post=8962"},{"taxonomy":"post_tag","embeddable":true,"href":"https:\/\/www.facet.unt.edu.ar\/facetinforma\/wp-json\/wp\/v2\/tags?post=8962"}],"curies":[{"name":"wp","href":"https:\/\/api.w.org\/{rel}","templated":true}]}}