{"id":9020,"date":"2015-09-23T11:35:57","date_gmt":"2015-09-23T14:35:57","guid":{"rendered":"https:\/\/www.facet.unt.edu.ar\/facetinforma\/?p=9020"},"modified":"2015-09-23T11:43:59","modified_gmt":"2015-09-23T14:43:59","slug":"charla-contaminacion-luminosa-y-proteccion-del-cielo-nocturno","status":"publish","type":"post","link":"https:\/\/www.facet.unt.edu.ar\/facetinforma\/2015\/09\/23\/charla-contaminacion-luminosa-y-proteccion-del-cielo-nocturno\/","title":{"rendered":"Charla: \u201cContaminaci\u00f3n Luminosa y Protecci\u00f3n del Cielo Nocturno\u201d"},"content":{"rendered":"<p>Se invita al p\u00fablico en general a participar de la charla sobre <strong>\u201cCONTAMINACI\u00d3N LUMINOSA y PROTECCI\u00d3N DEL CIELO NOCTURNO\u201d <\/strong>a cargo de<strong> Pedro Sanhueza, <\/strong>Director de la Oficina de Protecci\u00f3n de Calidad del Cielo, CHILE. La misma se llevar\u00e1 a cabo el lunes 5 de Octubre a horas 17:00 en el Departamento de Luminotecnia, Luz y Visi\u00f3n, FACET, Av. Independencia 1800.\u00a0\u00a0 <!--more--><br \/>\n<u>Resumen:<\/u><br \/>\nLa iluminaci\u00f3n nocturna de los centros urbanos produce contaminaci\u00f3n luminosa que reduce la visibilidad del cielo.<\/p>\n<p>La OPCC creada por convenio entre la\u00a0Comisi\u00f3n Nacional del Medio Ambiente (Chile), Association of Universities for Research in Astronomy (USA),\u00a0Carnegie Institution of Science (USA) y\u00a0European Southern Observatory (UE), tiene por fin proteger los cielos nocturnos de las regiones de Antofagasta, Atacama y Coquimbo, ya que constituyen un patrimonio ambiental reconocido como el mejor existente en el Hemisferio Sur para la observaci\u00f3n astron\u00f3mica.<\/p>\n<p>Las medidas y acciones que lleva a cabo la OPCC para controlar la contaminaci\u00f3n luminosa ser\u00e1n motivo de la presentaci\u00f3n.<\/p>\n<p><u>INFORMES:<\/u><br \/>\nTel.\/Fax: <a href=\"tel:%2B54%20381%204361936\">+54 381 4361936<\/a> &#8211; 4364093 Int. 7785 \/ 7715.<br \/>\nE-mail: <a href=\"mailto:ilum@herrera.unt.edu.ar\">ilum@herrera.unt.edu.ar<\/a><\/p>\n<p><a href=\"https:\/\/www.facet.unt.edu.ar\/facetinforma\/wp-content\/uploads\/sites\/9\/2015\/09\/image.png\"><img decoding=\"async\" loading=\"lazy\" class=\"aligncenter wp-image-9021\" src=\"https:\/\/www.facet.unt.edu.ar\/facetinforma\/wp-content\/uploads\/sites\/9\/2015\/09\/image-767x1024.png\" alt=\"image\" width=\"547\" height=\"730\" srcset=\"https:\/\/www.facet.unt.edu.ar\/facetinforma\/wp-content\/uploads\/sites\/9\/2015\/09\/image-767x1024.png 767w, https:\/\/www.facet.unt.edu.ar\/facetinforma\/wp-content\/uploads\/sites\/9\/2015\/09\/image-225x300.png 225w, https:\/\/www.facet.unt.edu.ar\/facetinforma\/wp-content\/uploads\/sites\/9\/2015\/09\/image.png 957w\" sizes=\"(max-width: 547px) 100vw, 547px\" \/><\/a><\/p>\n","protected":false},"excerpt":{"rendered":"<p>Se invita al p\u00fablico en general a participar de la charla sobre \u201cCONTAMINACI\u00d3N LUMINOSA y PROTECCI\u00d3N DEL CIELO NOCTURNO\u201d a cargo de Pedro Sanhueza, Director de la Oficina de Protecci\u00f3n de Calidad del Cielo, CHILE. La misma se llevar\u00e1 a cabo el lunes 5 de Octubre a horas 17:00 en el Departamento de Luminotecnia, Luz [&hellip;]<\/p>\n","protected":false},"author":6,"featured_media":0,"comment_status":"closed","ping_status":"closed","sticky":false,"template":"","format":"standard","meta":[],"categories":[5],"tags":[],"_links":{"self":[{"href":"https:\/\/www.facet.unt.edu.ar\/facetinforma\/wp-json\/wp\/v2\/posts\/9020"}],"collection":[{"href":"https:\/\/www.facet.unt.edu.ar\/facetinforma\/wp-json\/wp\/v2\/posts"}],"about":[{"href":"https:\/\/www.facet.unt.edu.ar\/facetinforma\/wp-json\/wp\/v2\/types\/post"}],"author":[{"embeddable":true,"href":"https:\/\/www.facet.unt.edu.ar\/facetinforma\/wp-json\/wp\/v2\/users\/6"}],"replies":[{"embeddable":true,"href":"https:\/\/www.facet.unt.edu.ar\/facetinforma\/wp-json\/wp\/v2\/comments?post=9020"}],"version-history":[{"count":2,"href":"https:\/\/www.facet.unt.edu.ar\/facetinforma\/wp-json\/wp\/v2\/posts\/9020\/revisions"}],"predecessor-version":[{"id":9023,"href":"https:\/\/www.facet.unt.edu.ar\/facetinforma\/wp-json\/wp\/v2\/posts\/9020\/revisions\/9023"}],"wp:attachment":[{"href":"https:\/\/www.facet.unt.edu.ar\/facetinforma\/wp-json\/wp\/v2\/media?parent=9020"}],"wp:term":[{"taxonomy":"category","embeddable":true,"href":"https:\/\/www.facet.unt.edu.ar\/facetinforma\/wp-json\/wp\/v2\/categories?post=9020"},{"taxonomy":"post_tag","embeddable":true,"href":"https:\/\/www.facet.unt.edu.ar\/facetinforma\/wp-json\/wp\/v2\/tags?post=9020"}],"curies":[{"name":"wp","href":"https:\/\/api.w.org\/{rel}","templated":true}]}}