{"id":9030,"date":"2015-09-25T16:57:24","date_gmt":"2015-09-25T19:57:24","guid":{"rendered":"https:\/\/www.facet.unt.edu.ar\/facetinforma\/?p=9030"},"modified":"2015-09-25T16:57:24","modified_gmt":"2015-09-25T19:57:24","slug":"busqueda-laboral-importante-empresa-de-desarrollo-tecnologico","status":"publish","type":"post","link":"https:\/\/www.facet.unt.edu.ar\/facetinforma\/2015\/09\/25\/busqueda-laboral-importante-empresa-de-desarrollo-tecnologico\/","title":{"rendered":"B\u00fasqueda Laboral IMPORTANTE EMPRESA DE DESARROLLO TECNOL\u00d3GICO"},"content":{"rendered":"<p>IMPORTANTE EMPRESA DE DESARROLLO TECNOL\u00d3GICO se encuentra en la b\u00fasqueda de profesionales con ganas de participar en grandes proyectos relacionado con el Desarrollo de Aplicaciones Web.\u00a0\u00a0\u00a0 <!--more--><\/p>\n<p><u>DESCRIPCI\u00d3N DE TAREA\/S Y\/O RESPONSABILIDAD\/ES:<\/u><br \/>\n\u00d8\u00a0Trabajar con la tecnolog\u00eda y las pr\u00e1cticas m\u00e1s avanzadas del desarrollo web: ASP.Net Java Script AJAX HTML CSS Lenguaje C# MVC 4.<\/p>\n<p><u>REQUISITO\/S Y\/O CONOCIMIENTO\/S:<\/u><br \/>\n\u00d8\u00a0Graduado\/as de la Carrera de Programador Universitario y Alumno\/as Avanzado\/as de las Carreras de Ingenier\u00eda en Computaci\u00f3n o Licenciatura en Inform\u00e1tica de la FACET.<br \/>\n\u00d8\u00a0Conocimientos en Sistema de Liquidaci\u00f3n de Haberes.<br \/>\n\u00d8\u00a0Un a\u00f1o de experiencia &#8211; comprobable en Desarrollo Web.<br \/>\n\u00d8\u00a0Conocimientos s\u00f3lidos en programaci\u00f3n orientada a objetos.<br \/>\n\u00d8\u00a0Conocimientos en Base de Datos.<br \/>\n\u00d8\u00a0Conocimientos de Ingl\u00e9s T\u00e9cnico.<\/p>\n<p><u>SE OFRECE:<\/u><br \/>\n\u00d8\u00a0Incorporaci\u00f3n inmediata a la empresa.<br \/>\n\u00d8\u00a0Jornada laboral de lunes a viernes 08.00 a 16.20 hs.<br \/>\n\u00d8\u00a0Programa de capacitaci\u00f3n.<br \/>\n\u00d8\u00a0Excelente clima laboral.<\/p>\n<p>Los interesados deben enviar su CV CON FOTO\u00a0 indicando DISPONIBILIDAD HORARIA y REMUNERACI\u00d3N PRETENDIDA, hasta el <strong>Mi\u00e9rcoles 30 de Septiembre de 2015<\/strong>\u00a0 a <a href=\"mailto:sae.facet@gmail.com\">sae.facet@gmail.com<\/a> destacando en el Asunto del mail la palabra: \u201cTECNOLOGICO\u201d. Adjuntar el CV con el formato: DNI-NombreCompleto.doc \u00f3 DNI-NombreCompleto.pdf. Ejemplo: 12345678-MarianaGarcia.pdf<\/p>\n<p>IMPORTANTE: NO SE RECIBIR\u00c1N ARCHIVOS DE M\u00c1S DE 500 KB.<\/p>\n<p>Atentamente,<\/p>\n<p>&#8212;<br \/>\nIng. Marcelo Emilio Leiva<br \/>\nCoordinador de Pasant\u00edas y Becas<br \/>\nSecretar\u00eda de Bienestar Estudiantil<br \/>\nFACET &#8211; UNT<\/p>\n","protected":false},"excerpt":{"rendered":"<p>IMPORTANTE EMPRESA DE DESARROLLO TECNOL\u00d3GICO se encuentra en la b\u00fasqueda de profesionales con ganas de participar en grandes proyectos relacionado con el Desarrollo de Aplicaciones Web.\u00a0\u00a0\u00a0<\/p>\n","protected":false},"author":6,"featured_media":0,"comment_status":"closed","ping_status":"closed","sticky":false,"template":"","format":"standard","meta":[],"categories":[5,6],"tags":[],"_links":{"self":[{"href":"https:\/\/www.facet.unt.edu.ar\/facetinforma\/wp-json\/wp\/v2\/posts\/9030"}],"collection":[{"href":"https:\/\/www.facet.unt.edu.ar\/facetinforma\/wp-json\/wp\/v2\/posts"}],"about":[{"href":"https:\/\/www.facet.unt.edu.ar\/facetinforma\/wp-json\/wp\/v2\/types\/post"}],"author":[{"embeddable":true,"href":"https:\/\/www.facet.unt.edu.ar\/facetinforma\/wp-json\/wp\/v2\/users\/6"}],"replies":[{"embeddable":true,"href":"https:\/\/www.facet.unt.edu.ar\/facetinforma\/wp-json\/wp\/v2\/comments?post=9030"}],"version-history":[{"count":1,"href":"https:\/\/www.facet.unt.edu.ar\/facetinforma\/wp-json\/wp\/v2\/posts\/9030\/revisions"}],"predecessor-version":[{"id":9031,"href":"https:\/\/www.facet.unt.edu.ar\/facetinforma\/wp-json\/wp\/v2\/posts\/9030\/revisions\/9031"}],"wp:attachment":[{"href":"https:\/\/www.facet.unt.edu.ar\/facetinforma\/wp-json\/wp\/v2\/media?parent=9030"}],"wp:term":[{"taxonomy":"category","embeddable":true,"href":"https:\/\/www.facet.unt.edu.ar\/facetinforma\/wp-json\/wp\/v2\/categories?post=9030"},{"taxonomy":"post_tag","embeddable":true,"href":"https:\/\/www.facet.unt.edu.ar\/facetinforma\/wp-json\/wp\/v2\/tags?post=9030"}],"curies":[{"name":"wp","href":"https:\/\/api.w.org\/{rel}","templated":true}]}}