{"id":9122,"date":"2015-10-08T19:15:19","date_gmt":"2015-10-08T22:15:19","guid":{"rendered":"https:\/\/www.facet.unt.edu.ar\/facetinforma\/?p=9122"},"modified":"2015-10-08T19:16:55","modified_gmt":"2015-10-08T22:16:55","slug":"se-inaugurara-un-salon-de-usos-multiples-para-los-estudiantes-de-la-facet","status":"publish","type":"post","link":"https:\/\/www.facet.unt.edu.ar\/facetinforma\/2015\/10\/08\/se-inaugurara-un-salon-de-usos-multiples-para-los-estudiantes-de-la-facet\/","title":{"rendered":"Se inaugurar\u00e1 un Sal\u00f3n de Usos M\u00faltiples para Estudiantes de la FACET"},"content":{"rendered":"<p>La Facultad de Ciencias Exactas y Tecnolog\u00eda de la Universidad Nacional de Tucum\u00e1n, continuando con su programa de desarrollo institucional, inaugurar\u00e1 ma\u00f1ana 09 de Octubre a horas 12:30, en el Centro Herrera un Sal\u00f3n de Usos M\u00faltiples para los estudiantes de esa unidad acad\u00e9mica.\u00a0\u00a0 <!--more--><\/p>\n<p>El mencionado sal\u00f3n, de aproximadamente 160 \u00a0m<sup>2<\/sup>, cuenta con diversas comodidades orientadas a brindar servicios a los estudiantes que \u00a0deseen \u00a0utilizarlo gratuitamente para actividades inherentes a las tareas que estos desarrollan en esta facultad.<\/p>\n<p>Estas instalaciones han de contribuir a mejorar significativamente la estad\u00eda de los alumnos de la FACET dentro de \u00e9sta, permiti\u00e9ndoles utilizarlas como sal\u00f3n de estudios, lugar de almuerzo y merienda, actividades de estudio grupales, microcine, etc.<\/p>\n<p><a href=\"https:\/\/www.facet.unt.edu.ar\/facetinforma\/wp-content\/uploads\/sites\/9\/2015\/10\/la-foto2.jpg\"><img decoding=\"async\" loading=\"lazy\" class=\"aligncenter wp-image-9124\" src=\"https:\/\/www.facet.unt.edu.ar\/facetinforma\/wp-content\/uploads\/sites\/9\/2015\/10\/la-foto2-1024x765.jpg\" alt=\"la foto(2)\" width=\"579\" height=\"433\" srcset=\"https:\/\/www.facet.unt.edu.ar\/facetinforma\/wp-content\/uploads\/sites\/9\/2015\/10\/la-foto2-1024x765.jpg 1024w, https:\/\/www.facet.unt.edu.ar\/facetinforma\/wp-content\/uploads\/sites\/9\/2015\/10\/la-foto2-300x224.jpg 300w\" sizes=\"(max-width: 579px) 100vw, 579px\" \/><\/a><\/p>\n","protected":false},"excerpt":{"rendered":"<p>La Facultad de Ciencias Exactas y Tecnolog\u00eda de la Universidad Nacional de Tucum\u00e1n, continuando con su programa de desarrollo institucional, inaugurar\u00e1 ma\u00f1ana 09 de Octubre a horas 12:30, en el Centro Herrera un Sal\u00f3n de Usos M\u00faltiples para los estudiantes de esa unidad acad\u00e9mica.\u00a0\u00a0<\/p>\n","protected":false},"author":6,"featured_media":0,"comment_status":"closed","ping_status":"closed","sticky":false,"template":"","format":"standard","meta":[],"categories":[5],"tags":[],"_links":{"self":[{"href":"https:\/\/www.facet.unt.edu.ar\/facetinforma\/wp-json\/wp\/v2\/posts\/9122"}],"collection":[{"href":"https:\/\/www.facet.unt.edu.ar\/facetinforma\/wp-json\/wp\/v2\/posts"}],"about":[{"href":"https:\/\/www.facet.unt.edu.ar\/facetinforma\/wp-json\/wp\/v2\/types\/post"}],"author":[{"embeddable":true,"href":"https:\/\/www.facet.unt.edu.ar\/facetinforma\/wp-json\/wp\/v2\/users\/6"}],"replies":[{"embeddable":true,"href":"https:\/\/www.facet.unt.edu.ar\/facetinforma\/wp-json\/wp\/v2\/comments?post=9122"}],"version-history":[{"count":2,"href":"https:\/\/www.facet.unt.edu.ar\/facetinforma\/wp-json\/wp\/v2\/posts\/9122\/revisions"}],"predecessor-version":[{"id":9126,"href":"https:\/\/www.facet.unt.edu.ar\/facetinforma\/wp-json\/wp\/v2\/posts\/9122\/revisions\/9126"}],"wp:attachment":[{"href":"https:\/\/www.facet.unt.edu.ar\/facetinforma\/wp-json\/wp\/v2\/media?parent=9122"}],"wp:term":[{"taxonomy":"category","embeddable":true,"href":"https:\/\/www.facet.unt.edu.ar\/facetinforma\/wp-json\/wp\/v2\/categories?post=9122"},{"taxonomy":"post_tag","embeddable":true,"href":"https:\/\/www.facet.unt.edu.ar\/facetinforma\/wp-json\/wp\/v2\/tags?post=9122"}],"curies":[{"name":"wp","href":"https:\/\/api.w.org\/{rel}","templated":true}]}}