{"id":9311,"date":"2015-10-30T18:33:12","date_gmt":"2015-10-30T21:33:12","guid":{"rendered":"https:\/\/www.facet.unt.edu.ar\/facetinforma\/?p=9311"},"modified":"2015-10-30T18:33:12","modified_gmt":"2015-10-30T21:33:12","slug":"asueto-para-todo-el-personal-de-la-unt-lunes-2-de-noviembre","status":"publish","type":"post","link":"https:\/\/www.facet.unt.edu.ar\/facetinforma\/2015\/10\/30\/asueto-para-todo-el-personal-de-la-unt-lunes-2-de-noviembre\/","title":{"rendered":"Asueto para todo el personal de la UNT &#8211; Lunes 2 de noviembre"},"content":{"rendered":"<p>Con motivo de la conmemoraci\u00f3n del D\u00eda de los Fieles Difuntos, el Rectorado dispuso el asueto para el d\u00eda lunes 2 de noviembre, por lo que no habr\u00e1 actividad acad\u00e9mica ni administrativa en la UNT.\u00a0\u00a0\u00a0 <!--more--><br \/>\nAs\u00ed lo resolvi\u00f3 la rectora, Alicia Bard\u00f3n, de acuerdo a la <a href=\"https:\/\/www.facet.unt.edu.ar\/facetinforma\/wp-content\/uploads\/sites\/9\/2015\/10\/ASUETO-ADMIN-2.11.15.pdf\" target=\"_blank\">Resoluci\u00f3n N\u00ba 2388<\/a> considerando &#8220;que dicha conmemoraci\u00f3n es observada con gran respeto y fervor religioso&#8221;, por lo que se quiere facilitar la concurrencia\u00a0 a las distintas necr\u00f3polis.<\/p>\n<p>&#8220;Por ello se hace necesario declarar asueto a todo el personal de esta casa, estableciendo adem\u00e1s, el asueto acad\u00e9mico previsto mediante Resoluci\u00f3n N\u00ba 1.360-2014, e incluido en el calendario del presente ciclo lectivo.<\/p>\n","protected":false},"excerpt":{"rendered":"<p>Con motivo de la conmemoraci\u00f3n del D\u00eda de los Fieles Difuntos, el Rectorado dispuso el asueto para el d\u00eda lunes 2 de noviembre, por lo que no habr\u00e1 actividad acad\u00e9mica ni administrativa en la UNT.\u00a0\u00a0\u00a0<\/p>\n","protected":false},"author":6,"featured_media":0,"comment_status":"closed","ping_status":"closed","sticky":false,"template":"","format":"standard","meta":[],"categories":[5],"tags":[],"_links":{"self":[{"href":"https:\/\/www.facet.unt.edu.ar\/facetinforma\/wp-json\/wp\/v2\/posts\/9311"}],"collection":[{"href":"https:\/\/www.facet.unt.edu.ar\/facetinforma\/wp-json\/wp\/v2\/posts"}],"about":[{"href":"https:\/\/www.facet.unt.edu.ar\/facetinforma\/wp-json\/wp\/v2\/types\/post"}],"author":[{"embeddable":true,"href":"https:\/\/www.facet.unt.edu.ar\/facetinforma\/wp-json\/wp\/v2\/users\/6"}],"replies":[{"embeddable":true,"href":"https:\/\/www.facet.unt.edu.ar\/facetinforma\/wp-json\/wp\/v2\/comments?post=9311"}],"version-history":[{"count":2,"href":"https:\/\/www.facet.unt.edu.ar\/facetinforma\/wp-json\/wp\/v2\/posts\/9311\/revisions"}],"predecessor-version":[{"id":9313,"href":"https:\/\/www.facet.unt.edu.ar\/facetinforma\/wp-json\/wp\/v2\/posts\/9311\/revisions\/9313"}],"wp:attachment":[{"href":"https:\/\/www.facet.unt.edu.ar\/facetinforma\/wp-json\/wp\/v2\/media?parent=9311"}],"wp:term":[{"taxonomy":"category","embeddable":true,"href":"https:\/\/www.facet.unt.edu.ar\/facetinforma\/wp-json\/wp\/v2\/categories?post=9311"},{"taxonomy":"post_tag","embeddable":true,"href":"https:\/\/www.facet.unt.edu.ar\/facetinforma\/wp-json\/wp\/v2\/tags?post=9311"}],"curies":[{"name":"wp","href":"https:\/\/api.w.org\/{rel}","templated":true}]}}