{"id":9320,"date":"2015-11-03T12:31:03","date_gmt":"2015-11-03T15:31:03","guid":{"rendered":"https:\/\/www.facet.unt.edu.ar\/facetinforma\/?p=9320"},"modified":"2015-11-03T12:34:33","modified_gmt":"2015-11-03T15:34:33","slug":"premio-instituto-sabato-en-el-campo-de-la-ciencia-y-tecnologia-de-materiales","status":"publish","type":"post","link":"https:\/\/www.facet.unt.edu.ar\/facetinforma\/2015\/11\/03\/premio-instituto-sabato-en-el-campo-de-la-ciencia-y-tecnologia-de-materiales\/","title":{"rendered":"Premio \u201cInstituto Sabato\u201d &#8211; En el Campo de la Ciencia y Tecnolog\u00eda de Materiales"},"content":{"rendered":"<p>El Instituto de Tecnolog\u00eda Prof. Jorge A. Sabato (IS) anuncia que se encuentra abierta la convocatoria a los <strong>Premios \u201cInstituto Sabato\u201d <\/strong>para la presentaci\u00f3n de trabajos relacionados con el campo de la Ciencia y Tecnolog\u00eda de Materiales. La instituci\u00f3n de dichos premios est\u00e1 orientada a fomentar la labor en el \u00e1rea mencionada.\u00a0\u00a0 <!--more--><\/p>\n<p>Los premios, otorgados bianualmente, cubren las siguientes tres categor\u00edas:<\/p>\n<ol>\n<li><strong> Mejor trabajo de \u201cTesis de Doctorado\u201d <\/strong><\/li>\n<li><strong> Mejor trabajo de \u201cTesis de Maestr\u00eda\u201d <\/strong><\/li>\n<li><strong> Mejor Trabajo Final o su equivalente para completar una carrera de grado (Ingenier\u00eda, Licenciatura).<\/strong><\/li>\n<\/ol>\n<p>El premio consistir\u00e1 en Medalla, Diploma y la versi\u00f3n resumida de los trabajos ganadores se publicar\u00e1 en la Revista de la SAM.<\/p>\n<p>Se contemplar\u00e1n los trabajos realizados en el pa\u00eds por un \u00fanico autor, aprobados en una Universidad Argentina en el bienio comprendido entre el 1 de abril de 2014 y el 31 de marzo de 2016. Los candidatos deben ser ciudadanos argentinos o extranjeros residentes en el pa\u00eds.<\/p>\n<p>El autor realizar\u00e1 la presentaci\u00f3n \u201conline\u201d a la convocatoria registr\u00e1ndose con sus datos personales a trav\u00e9s del siguiente enlace: <a href=\"https:\/\/docs.google.com\/a\/herrera.unt.edu.ar\/forms\/d\/16WerxrXdP8WuDEQLm1WgpYgCkxlQNC59CjDhGfvytqE\/viewform\" target=\"_blank\">Ficha de Inscripci\u00f3n<\/a><\/p>\n<p>Una vez registrado, se le solicitar\u00e1:<br \/>\n\uf0b7 El trabajo completo, un resumen del mismo y las publicaciones o patentes derivadas del mismo en formato .PDF<br \/>\n\uf0b7 Acta de Aprobaci\u00f3n en el caso de Tesis de Posgrado<br \/>\n\uf0b7 Acta o Certificado de Aprobaci\u00f3n en el caso de Trabajo Final de Grado<br \/>\n\uf0b7 En caso de requerirse en alguna etapa de la evaluaci\u00f3n, una copia impresa de la tesis y\/o de los trabajos publicados.<\/p>\n<p>Las postulaciones se recibir\u00e1n hasta las 12 horas del 13 de mayo de 2016.<\/p>\n<p>La evaluaci\u00f3n de los trabajos postulados estar\u00e1 a cargo de un Jurado <em>ad-hoc <\/em>constituido mayoritariamente por Socios Honorarios de la SAM invitados por el IS, a propuesta de un Tribunal Coordinador, cuyo dictamen ser\u00e1 inapelable. El resultado de esta convocatoria se dar\u00e1 a conocer antes del 30 de septiembre de 2016.<\/p>\n<p>No se aceptar\u00e1n postulaciones que no cumplan con los requisitos arriba mencionados o que sean enviadas con posterioridad a las <strong>12 hs <\/strong>del d\u00eda<strong> 13 de mayo de 2016<\/strong>.<\/p>\n<p>Por cualquier consulta puede dirigirse por correo electr\u00f3nico a: <a href=\"mailto:premiosabato@cnea.gov.ar\">premiosabato@cnea.gov.ar<\/a><\/p>\n<p><a href=\"https:\/\/www.facet.unt.edu.ar\/facetinforma\/wp-content\/uploads\/sites\/9\/2015\/11\/it-OP1-Transparente.png\"><img decoding=\"async\" loading=\"lazy\" class=\"aligncenter wp-image-9326\" src=\"https:\/\/www.facet.unt.edu.ar\/facetinforma\/wp-content\/uploads\/sites\/9\/2015\/11\/it-OP1-Transparente.png\" alt=\"it OP1 Transparente\" width=\"505\" height=\"126\" srcset=\"https:\/\/www.facet.unt.edu.ar\/facetinforma\/wp-content\/uploads\/sites\/9\/2015\/11\/it-OP1-Transparente.png 1547w, https:\/\/www.facet.unt.edu.ar\/facetinforma\/wp-content\/uploads\/sites\/9\/2015\/11\/it-OP1-Transparente-300x75.png 300w, https:\/\/www.facet.unt.edu.ar\/facetinforma\/wp-content\/uploads\/sites\/9\/2015\/11\/it-OP1-Transparente-1024x256.png 1024w\" sizes=\"(max-width: 505px) 100vw, 505px\" \/><\/a><\/p>\n","protected":false},"excerpt":{"rendered":"<p>El Instituto de Tecnolog\u00eda Prof. Jorge A. Sabato (IS) anuncia que se encuentra abierta la convocatoria a los Premios \u201cInstituto Sabato\u201d para la presentaci\u00f3n de trabajos relacionados con el campo de la Ciencia y Tecnolog\u00eda de Materiales. La instituci\u00f3n de dichos premios est\u00e1 orientada a fomentar la labor en el \u00e1rea mencionada.\u00a0\u00a0<\/p>\n","protected":false},"author":6,"featured_media":0,"comment_status":"closed","ping_status":"closed","sticky":false,"template":"","format":"standard","meta":[],"categories":[5],"tags":[],"_links":{"self":[{"href":"https:\/\/www.facet.unt.edu.ar\/facetinforma\/wp-json\/wp\/v2\/posts\/9320"}],"collection":[{"href":"https:\/\/www.facet.unt.edu.ar\/facetinforma\/wp-json\/wp\/v2\/posts"}],"about":[{"href":"https:\/\/www.facet.unt.edu.ar\/facetinforma\/wp-json\/wp\/v2\/types\/post"}],"author":[{"embeddable":true,"href":"https:\/\/www.facet.unt.edu.ar\/facetinforma\/wp-json\/wp\/v2\/users\/6"}],"replies":[{"embeddable":true,"href":"https:\/\/www.facet.unt.edu.ar\/facetinforma\/wp-json\/wp\/v2\/comments?post=9320"}],"version-history":[{"count":3,"href":"https:\/\/www.facet.unt.edu.ar\/facetinforma\/wp-json\/wp\/v2\/posts\/9320\/revisions"}],"predecessor-version":[{"id":9328,"href":"https:\/\/www.facet.unt.edu.ar\/facetinforma\/wp-json\/wp\/v2\/posts\/9320\/revisions\/9328"}],"wp:attachment":[{"href":"https:\/\/www.facet.unt.edu.ar\/facetinforma\/wp-json\/wp\/v2\/media?parent=9320"}],"wp:term":[{"taxonomy":"category","embeddable":true,"href":"https:\/\/www.facet.unt.edu.ar\/facetinforma\/wp-json\/wp\/v2\/categories?post=9320"},{"taxonomy":"post_tag","embeddable":true,"href":"https:\/\/www.facet.unt.edu.ar\/facetinforma\/wp-json\/wp\/v2\/tags?post=9320"}],"curies":[{"name":"wp","href":"https:\/\/api.w.org\/{rel}","templated":true}]}}