{"id":9354,"date":"2015-11-06T20:17:15","date_gmt":"2015-11-06T23:17:15","guid":{"rendered":"https:\/\/www.facet.unt.edu.ar\/facetinforma\/?p=9354"},"modified":"2015-11-06T21:09:51","modified_gmt":"2015-11-07T00:09:51","slug":"se-invita-a-la-charla-invap-desarrollo-tecnologico-y-otras-yerbas","status":"publish","type":"post","link":"https:\/\/www.facet.unt.edu.ar\/facetinforma\/2015\/11\/06\/se-invita-a-la-charla-invap-desarrollo-tecnologico-y-otras-yerbas\/","title":{"rendered":"Se invita a la Charla \u201cINVAP, DESARROLLO TECNOL\u00d3GICO Y OTRAS YERBAS\u201d"},"content":{"rendered":"<p>La Facultad de Ciencias Exactas y Tecnolog\u00eda (FACET-UNT) y el CONICET Tucum\u00e1n invitan a una charla dirigida a estudiantes y j\u00f3venes investigadores, ingenieros y t\u00e9cnicos:\u00a0<strong>&#8220;INVAP, desarrollo tecnol\u00f3gico y otras yerbas&#8221;<\/strong>. La misma se llevar\u00e1 a cabo el d\u00eda Mi\u00e9rcoles 11 de Noviembre a horas 18:30 en el Anfiteatro del Dpto. de Luminotecnia, Luz y Visi\u00f3n de la FACET, Av. Independencia 1800.\u00a0\u00a0 <!--more--><\/p>\n<p><u>Expositor<\/u>:<strong> Lic. H\u00e9ctor Otheguy <\/strong>\u00a0(Gerente General y CEO de INVAP).<\/p>\n<p>La empresa INVAP, Sociedad del Estado, fue creada en la d\u00e9cada de 1970\u00a0a partir de un convenio firmado entre la Comisi\u00f3n Nacional de Energ\u00eda At\u00f3mica de Argentina (CNEA) y el Gobierno de la Provincia de R\u00edo Negro. Su Sede Central se encuentra en Bariloche.\u00a0Emplea a m\u00e1s de 1300 personas, entre las que se cuentan profesionales altamente experimentados en el desarrollo de sistemas tecnol\u00f3gicos as\u00ed como en el manejo de proyectos de alta complejidad.<\/p>\n<p>INVAP es reconocida como exportadora internacional de tecnolog\u00eda nuclear. Tambi\u00e9n ha exportado equipos de cobaltoterapia y sistemas de automatizaci\u00f3n para proyectos industriales.<\/p>\n<p>En el \u00e1rea de la tecnolog\u00eda espacial, INVAP es la \u00fanica empresa argentina calificada por la NASA para la realizaci\u00f3n de proyectos espaciales y como tal ha demostrado su capacidad para el dise\u00f1o, construcci\u00f3n, ensayo y operaci\u00f3n de sat\u00e9lites.<\/p>\n<p>El 30 de septiembre pasado, se puso en \u00f3rbita el ARSAT 2, segundo sat\u00e9lite argentino de comunicaciones, dise\u00f1ado, integrado y ensayado en Bariloche. Argentina es el \u00fanico pa\u00eds en Am\u00e9rica Latina con autonom\u00eda tecnol\u00f3gica en materia satelital.<\/p>\n<p>La entrada es libre y gratuita.<\/p>\n<p><a href=\"https:\/\/www.facet.unt.edu.ar\/facetinforma\/wp-content\/uploads\/sites\/9\/2015\/11\/AFICHE-INVAP-Final1.png\"><img decoding=\"async\" loading=\"lazy\" class=\"aligncenter  wp-image-9369\" src=\"https:\/\/www.facet.unt.edu.ar\/facetinforma\/wp-content\/uploads\/sites\/9\/2015\/11\/AFICHE-INVAP-Final1.png\" alt=\"AFICHE INVAP Final\" width=\"444\" height=\"628\" srcset=\"https:\/\/www.facet.unt.edu.ar\/facetinforma\/wp-content\/uploads\/sites\/9\/2015\/11\/AFICHE-INVAP-Final1.png 500w, https:\/\/www.facet.unt.edu.ar\/facetinforma\/wp-content\/uploads\/sites\/9\/2015\/11\/AFICHE-INVAP-Final1-212x300.png 212w\" sizes=\"(max-width: 444px) 100vw, 444px\" \/><\/a><\/p>\n","protected":false},"excerpt":{"rendered":"<p>La Facultad de Ciencias Exactas y Tecnolog\u00eda (FACET-UNT) y el CONICET Tucum\u00e1n invitan a una charla dirigida a estudiantes y j\u00f3venes investigadores, ingenieros y t\u00e9cnicos:\u00a0&#8220;INVAP, desarrollo tecnol\u00f3gico y otras yerbas&#8221;. La misma se llevar\u00e1 a cabo el d\u00eda Mi\u00e9rcoles 11 de Noviembre a horas 18:30 en el Anfiteatro del Dpto. de Luminotecnia, Luz y Visi\u00f3n [&hellip;]<\/p>\n","protected":false},"author":6,"featured_media":0,"comment_status":"closed","ping_status":"closed","sticky":false,"template":"","format":"standard","meta":[],"categories":[5],"tags":[],"_links":{"self":[{"href":"https:\/\/www.facet.unt.edu.ar\/facetinforma\/wp-json\/wp\/v2\/posts\/9354"}],"collection":[{"href":"https:\/\/www.facet.unt.edu.ar\/facetinforma\/wp-json\/wp\/v2\/posts"}],"about":[{"href":"https:\/\/www.facet.unt.edu.ar\/facetinforma\/wp-json\/wp\/v2\/types\/post"}],"author":[{"embeddable":true,"href":"https:\/\/www.facet.unt.edu.ar\/facetinforma\/wp-json\/wp\/v2\/users\/6"}],"replies":[{"embeddable":true,"href":"https:\/\/www.facet.unt.edu.ar\/facetinforma\/wp-json\/wp\/v2\/comments?post=9354"}],"version-history":[{"count":5,"href":"https:\/\/www.facet.unt.edu.ar\/facetinforma\/wp-json\/wp\/v2\/posts\/9354\/revisions"}],"predecessor-version":[{"id":9370,"href":"https:\/\/www.facet.unt.edu.ar\/facetinforma\/wp-json\/wp\/v2\/posts\/9354\/revisions\/9370"}],"wp:attachment":[{"href":"https:\/\/www.facet.unt.edu.ar\/facetinforma\/wp-json\/wp\/v2\/media?parent=9354"}],"wp:term":[{"taxonomy":"category","embeddable":true,"href":"https:\/\/www.facet.unt.edu.ar\/facetinforma\/wp-json\/wp\/v2\/categories?post=9354"},{"taxonomy":"post_tag","embeddable":true,"href":"https:\/\/www.facet.unt.edu.ar\/facetinforma\/wp-json\/wp\/v2\/tags?post=9354"}],"curies":[{"name":"wp","href":"https:\/\/api.w.org\/{rel}","templated":true}]}}