{"id":9385,"date":"2015-11-10T16:16:32","date_gmt":"2015-11-10T19:16:32","guid":{"rendered":"https:\/\/www.facet.unt.edu.ar\/facetinforma\/?p=9385"},"modified":"2015-11-10T16:39:18","modified_gmt":"2015-11-10T19:39:18","slug":"jornada-campus-france-miercoles-1111","status":"publish","type":"post","link":"https:\/\/www.facet.unt.edu.ar\/facetinforma\/2015\/11\/10\/jornada-campus-france-miercoles-1111\/","title":{"rendered":"Jornada \u201cEstudiar en Francia\u201d  \u2013 Mi\u00e9rcoles 11\/11"},"content":{"rendered":"<p>Invitamos a la Jornada \u201cEstudiar en Francia\u201d que se realizar\u00e1 ma\u00f1ana mi\u00e9rcoles 11 de Noviembre a horas 10:30 en el SUM del Centro Cultural Eugenio Flavio Virla, sito en 25 de Mayo N\u00b0 265.\u00a0\u00a0 <!--more--><\/p>\n<p>Ven\u00ed a informarte sobre la oferta acad\u00e9mica, posibilidades de estudios, intercambios, becas, etc. Adem\u00e1s podr\u00e1s compartir los testimonios de quienes ya estudiaron en Francia.<\/p>\n<p><u>Programa de actividades<\/u>:<br \/>\n&#8211; Conferencia \u201cEstudiar en Francia\u201d<\/p>\n<ul>\n<li>La oferta acad\u00e9mica: \u00bfd\u00f3nde estudiar?<\/li>\n<li>Las becas: \u00bfc\u00f3mo financiar tus estudios?<\/li>\n<li>Las posibilidades de estudios: \u00bfC\u00f3mo realizar un intercambio, Licence, Master o Doctorado?<\/li>\n<li>Otros programas que te permiten una experiencia en Francia: Asistentes de lengua, Au pair, etc.<\/li>\n<\/ul>\n<p>&#8211; Presentaci\u00f3n del video de Campus France<br \/>\n&#8211; Presentaci\u00f3n de France Alumni<br \/>\n&#8211; Sorteo: premios sorpresa de Campus France<\/p>\n<p>La entrada es libre y gratuita.<\/p>\n<p>Te esperamos!<\/p>\n<p><a href=\"https:\/\/www.facet.unt.edu.ar\/facetinforma\/wp-content\/uploads\/sites\/9\/2015\/11\/eFlyer-Campus-France-UNT.png\"><img decoding=\"async\" loading=\"lazy\" class=\"aligncenter wp-image-9386\" src=\"https:\/\/www.facet.unt.edu.ar\/facetinforma\/wp-content\/uploads\/sites\/9\/2015\/11\/eFlyer-Campus-France-UNT.png\" alt=\"eFlyer Campus France UNT\" width=\"684\" height=\"1468\" srcset=\"https:\/\/www.facet.unt.edu.ar\/facetinforma\/wp-content\/uploads\/sites\/9\/2015\/11\/eFlyer-Campus-France-UNT.png 800w, https:\/\/www.facet.unt.edu.ar\/facetinforma\/wp-content\/uploads\/sites\/9\/2015\/11\/eFlyer-Campus-France-UNT-140x300.png 140w, https:\/\/www.facet.unt.edu.ar\/facetinforma\/wp-content\/uploads\/sites\/9\/2015\/11\/eFlyer-Campus-France-UNT-477x1024.png 477w\" sizes=\"(max-width: 684px) 100vw, 684px\" \/><\/a><\/p>\n","protected":false},"excerpt":{"rendered":"<p>Invitamos a la Jornada \u201cEstudiar en Francia\u201d que se realizar\u00e1 ma\u00f1ana mi\u00e9rcoles 11 de Noviembre a horas 10:30 en el SUM del Centro Cultural Eugenio Flavio Virla, sito en 25 de Mayo N\u00b0 265.\u00a0\u00a0<\/p>\n","protected":false},"author":6,"featured_media":0,"comment_status":"closed","ping_status":"closed","sticky":false,"template":"","format":"standard","meta":[],"categories":[5],"tags":[],"_links":{"self":[{"href":"https:\/\/www.facet.unt.edu.ar\/facetinforma\/wp-json\/wp\/v2\/posts\/9385"}],"collection":[{"href":"https:\/\/www.facet.unt.edu.ar\/facetinforma\/wp-json\/wp\/v2\/posts"}],"about":[{"href":"https:\/\/www.facet.unt.edu.ar\/facetinforma\/wp-json\/wp\/v2\/types\/post"}],"author":[{"embeddable":true,"href":"https:\/\/www.facet.unt.edu.ar\/facetinforma\/wp-json\/wp\/v2\/users\/6"}],"replies":[{"embeddable":true,"href":"https:\/\/www.facet.unt.edu.ar\/facetinforma\/wp-json\/wp\/v2\/comments?post=9385"}],"version-history":[{"count":4,"href":"https:\/\/www.facet.unt.edu.ar\/facetinforma\/wp-json\/wp\/v2\/posts\/9385\/revisions"}],"predecessor-version":[{"id":9393,"href":"https:\/\/www.facet.unt.edu.ar\/facetinforma\/wp-json\/wp\/v2\/posts\/9385\/revisions\/9393"}],"wp:attachment":[{"href":"https:\/\/www.facet.unt.edu.ar\/facetinforma\/wp-json\/wp\/v2\/media?parent=9385"}],"wp:term":[{"taxonomy":"category","embeddable":true,"href":"https:\/\/www.facet.unt.edu.ar\/facetinforma\/wp-json\/wp\/v2\/categories?post=9385"},{"taxonomy":"post_tag","embeddable":true,"href":"https:\/\/www.facet.unt.edu.ar\/facetinforma\/wp-json\/wp\/v2\/tags?post=9385"}],"curies":[{"name":"wp","href":"https:\/\/api.w.org\/{rel}","templated":true}]}}