{"id":9399,"date":"2015-11-12T15:14:15","date_gmt":"2015-11-12T18:14:15","guid":{"rendered":"https:\/\/www.facet.unt.edu.ar\/facetinforma\/?p=9399"},"modified":"2015-11-12T15:18:42","modified_gmt":"2015-11-12T18:18:42","slug":"jardin-materno-infantil-el-ladrillito-pre-inscripcion-2016","status":"publish","type":"post","link":"https:\/\/www.facet.unt.edu.ar\/facetinforma\/2015\/11\/12\/jardin-materno-infantil-el-ladrillito-pre-inscripcion-2016\/","title":{"rendered":"Jard\u00edn Materno Infantil \u201cEl Ladrillito\u201d &#8211; Pre-inscripci\u00f3n 2016"},"content":{"rendered":"<p>La Comisi\u00f3n de Padres abre el per\u00edodo de pre-inscripci\u00f3n para el ciclo 2016 del Jard\u00edn Materno Infantil \u201cEl Ladrillito\u201d.\u00a0<!--more--><\/p>\n<p>La\u00a0pre-inscripci\u00f3n finaliza ma\u00f1ana\u00a0Viernes 13 de Noviembre de 2015 (Se movi\u00f3 una semana la fecha de finalizaci\u00f3n por desinfecci\u00f3n).<\/p>\n<p>Las fichas de pre-inscripci\u00f3n se encuentran disponibles en la fotocopiadora \u201cClarita\u201d.<\/p>\n<p><strong>Entrega de fichas de pre-inscripci\u00f3n:<\/strong><\/p>\n<ul>\n<li><u>Persona encargada de recibir las fichas de pre-inscripci\u00f3n<\/u>: Ing. Daniel Anaya<\/li>\n<li><u>Lugar de entrega de la ficha de pre-inscripci\u00f3n:<\/u> Laboratorio de Ensayos de Materiales<\/li>\n<\/ul>\n<p><em>Observaci\u00f3n importante: Las fichas se entregar\u00e1n \u00fanicamente al Ing. Daniel Anaya, el cual entregar\u00e1 al postulante un comprobante de ficha recibida y el n\u00famero asignado para el sorteo (de ser necesario).<\/em><\/p>\n<p><strong>Consultas:<\/strong><\/p>\n<ul>\n<li>Dolores Palacio: <a href=\"mailto:dpalacio@herrera.unt.edu.ar\">dpalacio@herrera.unt.edu.ar<\/a><\/li>\n<li>Eli Bello: <a href=\"mailto:eelibello@hotmail.com\">eelibello@hotmail.com<\/a><\/li>\n<li>Carla Goy: <a href=\"mailto:carlabgoy@gmail.com\">carlabgoy@gmail.com<\/a><\/li>\n<li>Tel\u00e9fono: 381 5 144 912 (Javier B. Lucero)<\/li>\n<\/ul>\n","protected":false},"excerpt":{"rendered":"<p>La Comisi\u00f3n de Padres abre el per\u00edodo de pre-inscripci\u00f3n para el ciclo 2016 del Jard\u00edn Materno Infantil \u201cEl Ladrillito\u201d.\u00a0<\/p>\n","protected":false},"author":6,"featured_media":0,"comment_status":"closed","ping_status":"closed","sticky":false,"template":"","format":"standard","meta":[],"categories":[5],"tags":[],"_links":{"self":[{"href":"https:\/\/www.facet.unt.edu.ar\/facetinforma\/wp-json\/wp\/v2\/posts\/9399"}],"collection":[{"href":"https:\/\/www.facet.unt.edu.ar\/facetinforma\/wp-json\/wp\/v2\/posts"}],"about":[{"href":"https:\/\/www.facet.unt.edu.ar\/facetinforma\/wp-json\/wp\/v2\/types\/post"}],"author":[{"embeddable":true,"href":"https:\/\/www.facet.unt.edu.ar\/facetinforma\/wp-json\/wp\/v2\/users\/6"}],"replies":[{"embeddable":true,"href":"https:\/\/www.facet.unt.edu.ar\/facetinforma\/wp-json\/wp\/v2\/comments?post=9399"}],"version-history":[{"count":3,"href":"https:\/\/www.facet.unt.edu.ar\/facetinforma\/wp-json\/wp\/v2\/posts\/9399\/revisions"}],"predecessor-version":[{"id":9401,"href":"https:\/\/www.facet.unt.edu.ar\/facetinforma\/wp-json\/wp\/v2\/posts\/9399\/revisions\/9401"}],"wp:attachment":[{"href":"https:\/\/www.facet.unt.edu.ar\/facetinforma\/wp-json\/wp\/v2\/media?parent=9399"}],"wp:term":[{"taxonomy":"category","embeddable":true,"href":"https:\/\/www.facet.unt.edu.ar\/facetinforma\/wp-json\/wp\/v2\/categories?post=9399"},{"taxonomy":"post_tag","embeddable":true,"href":"https:\/\/www.facet.unt.edu.ar\/facetinforma\/wp-json\/wp\/v2\/tags?post=9399"}],"curies":[{"name":"wp","href":"https:\/\/api.w.org\/{rel}","templated":true}]}}