{"id":9426,"date":"2015-11-17T12:26:30","date_gmt":"2015-11-17T15:26:30","guid":{"rendered":"https:\/\/www.facet.unt.edu.ar\/facetinforma\/?p=9426"},"modified":"2015-11-17T12:34:52","modified_gmt":"2015-11-17T15:34:52","slug":"la-facet-asumio-la-presidencia-del-confedi","status":"publish","type":"post","link":"https:\/\/www.facet.unt.edu.ar\/facetinforma\/2015\/11\/17\/la-facet-asumio-la-presidencia-del-confedi\/","title":{"rendered":"La FACET asumi\u00f3 la presidencia del CONFEDI"},"content":{"rendered":"<p>En el marco de la 58\u00ba Reuni\u00f3n Plenaria del Consejo Federal de Decanos de Ingenier\u00eda (CONFEDI), el decano de la Facultad de Ciencias Exactas y Tecnolog\u00eda (FACET) de la Universidad Nacional de Tucum\u00e1n, Ing.\u00a0<strong>Sergio Pagani<\/strong>, asumi\u00f3 la presidencia del organismo.\u00a0\u00a0 <!--more--><\/p>\n<p>El encuentro, se llev\u00f3 a cabo el 12 y 13 de Noviembre en el Centro Cultural Virla, y estuvo organizado por la Facultad de Ciencias Exactas y Tecnolog\u00eda. Cont\u00f3 con la participaci\u00f3n de m\u00e1s de 98 decanos de unidades acad\u00e9micas del pa\u00eds, que imparten carreras de ingenier\u00eda tanto de\u00a0universidades\u00a0p\u00fablicas como privadas. Se debati\u00f3 sobre temas referidos a ciencia y tecnolog\u00eda, posgrado, extensi\u00f3n y\u00a0transferencia,\u00a0ense\u00f1anza,\u00a0presupuesto e infraestructura,\u00a0entre otros t\u00f3picos.<\/p>\n<p>Al finalizar las jornadas, se renovaron las autoridades y con acuerdo un\u00e1nime de\u00a0los\u00a0asistentes, fueron elegidos como presidente\u00a0y vicepresidente, \u00a0el decano de la Facultad de Ciencias Exactas y Tecnolog\u00eda de la Universidad Nacional de Tucum\u00e1n, ingeniero Sergio Pagani y el doctor \u00a0Marcos Actis, decano de la Facultad de Ingenier\u00eda de la Universidad Nacional de La Plata. Al respecto, Pagani sostuvo: \u201cPara nosotros es un verdadero orgullo y una gran responsabilidad volver a poner a la FACET en el plano nacional\u201d. En este sentido, cabe mencionar\u00a0 que el CONFEDI act\u00faa como entidad de representaci\u00f3n de la formaci\u00f3n universitaria en ingenier\u00eda de la Argentina, velando por la calidad, dignidad e imagen en la sociedad de la ingenier\u00eda en general, y de la educaci\u00f3n en ingenier\u00eda en particular. Es por\u00a0esto que las nuevas autoridades ser\u00e1n referentes insoslayables en lo que refiere a desarrollo tecnol\u00f3gico y cient\u00edfico a nivel nacional.<\/p>\n<p>A su vez, el ingeniero Pagani como presidente del CONFEDI, asumir\u00e1 la presidencia de la Asociaci\u00f3n Iberoamericana de Instituciones de Ense\u00f1anza de Ingenier\u00eda (ASBEI).<\/p>\n<p style=\"text-align: center\"><a href=\"https:\/\/www.facet.unt.edu.ar\/facetinforma\/wp-content\/uploads\/sites\/9\/2015\/11\/12208845_1652852481665040_2122988243414591093_n.jpg\"><img decoding=\"async\" loading=\"lazy\" class=\"aligncenter  wp-image-9429\" src=\"https:\/\/www.facet.unt.edu.ar\/facetinforma\/wp-content\/uploads\/sites\/9\/2015\/11\/12208845_1652852481665040_2122988243414591093_n.jpg\" alt=\"12208845_1652852481665040_2122988243414591093_n\" width=\"555\" height=\"368\" srcset=\"https:\/\/www.facet.unt.edu.ar\/facetinforma\/wp-content\/uploads\/sites\/9\/2015\/11\/12208845_1652852481665040_2122988243414591093_n.jpg 720w, https:\/\/www.facet.unt.edu.ar\/facetinforma\/wp-content\/uploads\/sites\/9\/2015\/11\/12208845_1652852481665040_2122988243414591093_n-300x199.jpg 300w\" sizes=\"(max-width: 555px) 100vw, 555px\" \/><\/a>Ing. Sergio Pagani<\/p>\n","protected":false},"excerpt":{"rendered":"<p>En el marco de la 58\u00ba Reuni\u00f3n Plenaria del Consejo Federal de Decanos de Ingenier\u00eda (CONFEDI), el decano de la Facultad de Ciencias Exactas y Tecnolog\u00eda (FACET) de la Universidad Nacional de Tucum\u00e1n, Ing.\u00a0Sergio Pagani, asumi\u00f3 la presidencia del organismo.\u00a0\u00a0<\/p>\n","protected":false},"author":6,"featured_media":0,"comment_status":"closed","ping_status":"closed","sticky":false,"template":"","format":"standard","meta":[],"categories":[5],"tags":[],"_links":{"self":[{"href":"https:\/\/www.facet.unt.edu.ar\/facetinforma\/wp-json\/wp\/v2\/posts\/9426"}],"collection":[{"href":"https:\/\/www.facet.unt.edu.ar\/facetinforma\/wp-json\/wp\/v2\/posts"}],"about":[{"href":"https:\/\/www.facet.unt.edu.ar\/facetinforma\/wp-json\/wp\/v2\/types\/post"}],"author":[{"embeddable":true,"href":"https:\/\/www.facet.unt.edu.ar\/facetinforma\/wp-json\/wp\/v2\/users\/6"}],"replies":[{"embeddable":true,"href":"https:\/\/www.facet.unt.edu.ar\/facetinforma\/wp-json\/wp\/v2\/comments?post=9426"}],"version-history":[{"count":3,"href":"https:\/\/www.facet.unt.edu.ar\/facetinforma\/wp-json\/wp\/v2\/posts\/9426\/revisions"}],"predecessor-version":[{"id":9430,"href":"https:\/\/www.facet.unt.edu.ar\/facetinforma\/wp-json\/wp\/v2\/posts\/9426\/revisions\/9430"}],"wp:attachment":[{"href":"https:\/\/www.facet.unt.edu.ar\/facetinforma\/wp-json\/wp\/v2\/media?parent=9426"}],"wp:term":[{"taxonomy":"category","embeddable":true,"href":"https:\/\/www.facet.unt.edu.ar\/facetinforma\/wp-json\/wp\/v2\/categories?post=9426"},{"taxonomy":"post_tag","embeddable":true,"href":"https:\/\/www.facet.unt.edu.ar\/facetinforma\/wp-json\/wp\/v2\/tags?post=9426"}],"curies":[{"name":"wp","href":"https:\/\/api.w.org\/{rel}","templated":true}]}}