{"id":9433,"date":"2015-11-18T10:24:43","date_gmt":"2015-11-18T13:24:43","guid":{"rendered":"https:\/\/www.facet.unt.edu.ar\/facetinforma\/?p=9433"},"modified":"2015-11-18T10:24:43","modified_gmt":"2015-11-18T13:24:43","slug":"programa-de-jovenes-profesionales-en-brasil-talent-boutique","status":"publish","type":"post","link":"https:\/\/www.facet.unt.edu.ar\/facetinforma\/2015\/11\/18\/programa-de-jovenes-profesionales-en-brasil-talent-boutique\/","title":{"rendered":"Programa de J\u00f3venes Profesionales en Brasil &#8211; TALENT BOUTIQUE"},"content":{"rendered":"<p>Talent Boutique invita a todos los Profesionales Argentinos reci\u00e9n titulados a un Programa de J\u00f3venes Profesionales en Brasil.\u00a0\u00a0 <!--more--><\/p>\n<p><u>REQUISITO\/S Y\/O CONOCIMIENTO\/S:<\/u><br \/>\n\u00d8\u00a0Graduado\/as en las Carreras de Ingenier\u00eda Civil, Ingenier\u00eda El\u00e9ctrica, Ingenier\u00eda Electr\u00f3nica, Ingenier\u00eda en Computaci\u00f3n, Ingenier\u00eda Geod\u00e9sica y Geof\u00edsica, Ingenier\u00eda Industrial, Ingenier\u00eda Mec\u00e1nica, Ingenier\u00eda Qu\u00edmica, Licenciatura en F\u00edsica, Licenciatura en Matem\u00e1tica y Licenciatura en Inform\u00e1tica de la FACET.<br \/>\n\u00d8\u00a02 a\u00f1os de experiencia profesional.<br \/>\n\u00d8\u00a0No es necesaria experiencia previa en consultor\u00eda, pero que tenga inter\u00e9s en esta \u00e1rea.<br \/>\n\u00d8\u00a0Capacidad Anal\u00edtica y L\u00f3gica, excelente comunicaci\u00f3n oral y escrita.<br \/>\n\u00d8\u00a0Disponibilidad de cambio de residencia a Brasil.<br \/>\n\u00d8\u00a0Dominio del idioma ingl\u00e9s.<\/p>\n<p>Los interesados deben enviar su CV hasta el Domingo 22 de Noviembre de 2015 a <a href=\"mailto:sae.facet@gmail.com\">sae.facet@gmail.com<\/a> destacando en el Asunto del mail la palabra: \u201cCOSULTORIA&#8221;.<\/p>\n<p>Adjuntar el CV con el formato: DNI-NombreCompleto.doc \u00f3 DNI-NombreCompleto.pdf. Ejemplo: 12345678-MarianaGarcia.xls<\/p>\n<p>IMPORTANTE: NO SE RECIBIR\u00c1N ARCHIVOS DE M\u00c1S DE 500 KB.<\/p>\n<p><a href=\"https:\/\/www.facet.unt.edu.ar\/facetinforma\/wp-content\/uploads\/sites\/9\/2015\/11\/PROGRAMA-1.png\"><img decoding=\"async\" loading=\"lazy\" class=\"aligncenter  wp-image-9434\" src=\"https:\/\/www.facet.unt.edu.ar\/facetinforma\/wp-content\/uploads\/sites\/9\/2015\/11\/PROGRAMA-1.png\" alt=\"PROGRAMA 1\" width=\"571\" height=\"690\" srcset=\"https:\/\/www.facet.unt.edu.ar\/facetinforma\/wp-content\/uploads\/sites\/9\/2015\/11\/PROGRAMA-1.png 650w, https:\/\/www.facet.unt.edu.ar\/facetinforma\/wp-content\/uploads\/sites\/9\/2015\/11\/PROGRAMA-1-248x300.png 248w\" sizes=\"(max-width: 571px) 100vw, 571px\" \/><\/a><\/p>\n<p>Atentamente,<\/p>\n<p>&#8212;<br \/>\nIng. Marcelo Emilio Leiva<br \/>\nCoordinador de Pasant\u00edas y Becas<br \/>\nSecretar\u00eda de Bienestar Estudiantil<br \/>\nFACET \u2013 UNT<\/p>\n","protected":false},"excerpt":{"rendered":"<p>Talent Boutique invita a todos los Profesionales Argentinos reci\u00e9n titulados a un Programa de J\u00f3venes Profesionales en Brasil.\u00a0\u00a0<\/p>\n","protected":false},"author":6,"featured_media":0,"comment_status":"closed","ping_status":"closed","sticky":false,"template":"","format":"standard","meta":[],"categories":[5],"tags":[],"_links":{"self":[{"href":"https:\/\/www.facet.unt.edu.ar\/facetinforma\/wp-json\/wp\/v2\/posts\/9433"}],"collection":[{"href":"https:\/\/www.facet.unt.edu.ar\/facetinforma\/wp-json\/wp\/v2\/posts"}],"about":[{"href":"https:\/\/www.facet.unt.edu.ar\/facetinforma\/wp-json\/wp\/v2\/types\/post"}],"author":[{"embeddable":true,"href":"https:\/\/www.facet.unt.edu.ar\/facetinforma\/wp-json\/wp\/v2\/users\/6"}],"replies":[{"embeddable":true,"href":"https:\/\/www.facet.unt.edu.ar\/facetinforma\/wp-json\/wp\/v2\/comments?post=9433"}],"version-history":[{"count":2,"href":"https:\/\/www.facet.unt.edu.ar\/facetinforma\/wp-json\/wp\/v2\/posts\/9433\/revisions"}],"predecessor-version":[{"id":9436,"href":"https:\/\/www.facet.unt.edu.ar\/facetinforma\/wp-json\/wp\/v2\/posts\/9433\/revisions\/9436"}],"wp:attachment":[{"href":"https:\/\/www.facet.unt.edu.ar\/facetinforma\/wp-json\/wp\/v2\/media?parent=9433"}],"wp:term":[{"taxonomy":"category","embeddable":true,"href":"https:\/\/www.facet.unt.edu.ar\/facetinforma\/wp-json\/wp\/v2\/categories?post=9433"},{"taxonomy":"post_tag","embeddable":true,"href":"https:\/\/www.facet.unt.edu.ar\/facetinforma\/wp-json\/wp\/v2\/tags?post=9433"}],"curies":[{"name":"wp","href":"https:\/\/api.w.org\/{rel}","templated":true}]}}