{"id":9533,"date":"2015-12-03T12:39:00","date_gmt":"2015-12-03T15:39:00","guid":{"rendered":"https:\/\/www.facet.unt.edu.ar\/facetinforma\/?p=9533"},"modified":"2015-12-03T12:39:00","modified_gmt":"2015-12-03T15:39:00","slug":"llamado-para-posicion-de-doctor-para-transferencia-de-tecnologia-d-tec","status":"publish","type":"post","link":"https:\/\/www.facet.unt.edu.ar\/facetinforma\/2015\/12\/03\/llamado-para-posicion-de-doctor-para-transferencia-de-tecnologia-d-tec\/","title":{"rendered":"Llamado para Posici\u00f3n de Doctor para Transferencia de Tecnolog\u00eda (D-TEC)"},"content":{"rendered":"<p>Se llama a selecci\u00f3n para cubrir interinamente Cargos D-TEC en el \u00e1rea de trabajo: \u201cDise\u00f1o de sistemas de comunicaciones digitales\u201d en la Facultad de Ciencias Exactas, F\u00edsicas y Naturales de la Universidad Nacional de C\u00f3rdoba.\u00a0\u00a0 <!--more--><\/p>\n<p><u>Posiciones<\/u>: 2 Doctores para Transferencia de Tecnolog\u00eda de acuerdo a las bases del programa D-TEC.<\/p>\n<p><u>Perfil<\/u>: \u201cDoctores en el \u00e1rea de comunicaciones y\/o redes, con antecedentes en el trabajo en equipo y formaci\u00f3n de recursos humanos. Se valorar\u00e1 experiencia en transferencia\u201d.<\/p>\n<p><u>Tribunal<\/u>: Dr. Jorge Finochietto, Dra. Graciela Corral Briones, Ing. Carmen Rodr\u00edguez. Suplentes: Dr. Franco Francisca, Dr. Federico Pinto.<\/p>\n<p><u>Cargo<\/u>:<br \/>\n\u201cEl programa financiar\u00e1 a cada doctor durante 36 meses, a trav\u00e9s de una beca mensual cuyo valor ser\u00e1 equivalente a una beca de posdoctorado del CONICET. El alta de los cargos estar\u00e1 sujeta a la disponibilidad de fondos por parte de la Agencia Nacional de Promoci\u00f3n Cient\u00edfica y Tecnol\u00f3gica. Las actividades del doctor incorporado se regir\u00e1n por bases del programa D-TEC, las cuales pueden consultarse en: http:\/\/www.agencia.mincyt.gob.ar\/frontend\/agencia\/convocatoria\/281\u201d.<\/p>\n<p>Una vez finalizados los 36 meses, de acuerdo a lo establecido en el Acta Complementaria N\u00ba 2 del \u201cConvenio marco de coordinaci\u00f3n y cooperaci\u00f3n entre el Ministerio de Educaci\u00f3n de la Naci\u00f3n y del Ministerio de Ciencia, Tecnolog\u00eda e Innovaci\u00f3n Productiva\u201d, la Secretar\u00eda de Pol\u00edticas Universitarias (SPU) se comprometi\u00f3 a transferir los recursos econ\u00f3micos a las Universidades Nacionales, para que una vez transcurrido el plazo de ejecuci\u00f3n de los proyectos y habiendo sido debidamente aprobados en todas sus instancias, cuenten con los recursos para la apertura de un cargo de nivel no menor a Profesor Regular Adjunto con Dedicaci\u00f3n Exclusiva, asignado mediante concurso p\u00fablico de oposici\u00f3n y antecedentes, para dar continuidad a la l\u00ednea de trabajo que fuera oportunamente beneficiaria de la convocatoria D-TEC\u201d.<\/p>\n<p><u>Nota aclaratoria<\/u>: al finalizar el per\u00edodo de las becas, los doctores que resultasen seleccionados ser\u00e1n designados en un cargo de Profesor Adjunto con dedicaci\u00f3n exclusiva en las c\u00e1tedras mencionadas a continuaci\u00f3n y sujeto al env\u00edo de los fondos por parte de la Secretar\u00eda de Pol\u00edticas Universitarias y a la aprobaci\u00f3n de los informes anuales por parte de la Agencia Nacional de Promoci\u00f3n Cient\u00edfica y Tecnol\u00f3gica. Posici\u00f3n 1: \u201cF\u00edsica I\u201d del Departamento de F\u00edsica con carga anexa en \u201cProbabilidad y Estad\u00edstica\u201d del Departamento Matem\u00e1tica. Posici\u00f3n 2: \u201cAn\u00e1lisis Matem\u00e1tico I\u201d con carga anexa en \u201cAn\u00e1lisis Matem\u00e1tico II\u201d ambas del Departamento Matem\u00e1tica. Posici\u00f3n 3: \u201cInform\u00e1tica\u201d con carga anexa en la asignatura \u201cM\u00e9todos Num\u00e9ricos\u201d ambas del Departamento Computaci\u00f3n. Posici\u00f3n 4: \u201cIntroducci\u00f3n a la Matem\u00e1tica\u201d con carga anexa en la asignatura \u201cAn\u00e1lisis Matem\u00e1tico III\u201d ambas del Departamento Matem\u00e1tica.<\/p>\n<p><u>Requisito de presentaci\u00f3n<\/u>: CV nominativo en formato SIGEVA o CVAR, t\u00edtulo de Doctorado autenticado recibido hace no m\u00e1s de 5 a\u00f1os, certificado anal\u00edtico, fotocopia del DNI legalizada, constancia de CUIL emitida por ANSES y carta de presentaci\u00f3n a la convocatoria. Toda la documentaci\u00f3n deber\u00e1 presentarse por duplicado y deber\u00e1 estar certificada<\/p>\n<p><u>Fecha, lugar y horario para la inscripci\u00f3n y presentaci\u00f3n de antecedentes<\/u>: Secretar\u00eda Acad\u00e9mica de Investigaci\u00f3n y Posgrado (\u00c1rea Ingenier\u00eda) de la Facultad de Ciencias Exactas, F\u00edsicas y Naturales, Universidad Nacional de C\u00f3rdoba, sito en Av. V\u00e9lez S\u00e1rsfield 1611, de Lunes a Viernes en el horario de 10:00 hs. a 13:00 hs. a partir del 23 de Noviembre de 2015.<\/p>\n<p><a href=\"https:\/\/www.facet.unt.edu.ar\/facetinforma\/wp-content\/uploads\/sites\/9\/2015\/12\/FACULTAD-UNC1.png\"><img decoding=\"async\" loading=\"lazy\" class=\"aligncenter  wp-image-9535\" src=\"https:\/\/www.facet.unt.edu.ar\/facetinforma\/wp-content\/uploads\/sites\/9\/2015\/12\/FACULTAD-UNC1.png\" alt=\"FACULTAD UNC\" width=\"508\" height=\"289\" srcset=\"https:\/\/www.facet.unt.edu.ar\/facetinforma\/wp-content\/uploads\/sites\/9\/2015\/12\/FACULTAD-UNC1.png 599w, https:\/\/www.facet.unt.edu.ar\/facetinforma\/wp-content\/uploads\/sites\/9\/2015\/12\/FACULTAD-UNC1-300x171.png 300w\" sizes=\"(max-width: 508px) 100vw, 508px\" \/><\/a><\/p>\n","protected":false},"excerpt":{"rendered":"<p>Se llama a selecci\u00f3n para cubrir interinamente Cargos D-TEC en el \u00e1rea de trabajo: \u201cDise\u00f1o de sistemas de comunicaciones digitales\u201d en la Facultad de Ciencias Exactas, F\u00edsicas y Naturales de la Universidad Nacional de C\u00f3rdoba.\u00a0\u00a0<\/p>\n","protected":false},"author":6,"featured_media":0,"comment_status":"closed","ping_status":"closed","sticky":false,"template":"","format":"standard","meta":[],"categories":[5],"tags":[],"_links":{"self":[{"href":"https:\/\/www.facet.unt.edu.ar\/facetinforma\/wp-json\/wp\/v2\/posts\/9533"}],"collection":[{"href":"https:\/\/www.facet.unt.edu.ar\/facetinforma\/wp-json\/wp\/v2\/posts"}],"about":[{"href":"https:\/\/www.facet.unt.edu.ar\/facetinforma\/wp-json\/wp\/v2\/types\/post"}],"author":[{"embeddable":true,"href":"https:\/\/www.facet.unt.edu.ar\/facetinforma\/wp-json\/wp\/v2\/users\/6"}],"replies":[{"embeddable":true,"href":"https:\/\/www.facet.unt.edu.ar\/facetinforma\/wp-json\/wp\/v2\/comments?post=9533"}],"version-history":[{"count":1,"href":"https:\/\/www.facet.unt.edu.ar\/facetinforma\/wp-json\/wp\/v2\/posts\/9533\/revisions"}],"predecessor-version":[{"id":9536,"href":"https:\/\/www.facet.unt.edu.ar\/facetinforma\/wp-json\/wp\/v2\/posts\/9533\/revisions\/9536"}],"wp:attachment":[{"href":"https:\/\/www.facet.unt.edu.ar\/facetinforma\/wp-json\/wp\/v2\/media?parent=9533"}],"wp:term":[{"taxonomy":"category","embeddable":true,"href":"https:\/\/www.facet.unt.edu.ar\/facetinforma\/wp-json\/wp\/v2\/categories?post=9533"},{"taxonomy":"post_tag","embeddable":true,"href":"https:\/\/www.facet.unt.edu.ar\/facetinforma\/wp-json\/wp\/v2\/tags?post=9533"}],"curies":[{"name":"wp","href":"https:\/\/api.w.org\/{rel}","templated":true}]}}