{"id":9538,"date":"2015-12-04T17:52:04","date_gmt":"2015-12-04T20:52:04","guid":{"rendered":"https:\/\/www.facet.unt.edu.ar\/facetinforma\/?p=9538"},"modified":"2015-12-04T17:52:04","modified_gmt":"2015-12-04T20:52:04","slug":"consejo-directivo-facet-orden-del-dia-0912","status":"publish","type":"post","link":"https:\/\/www.facet.unt.edu.ar\/facetinforma\/2015\/12\/04\/consejo-directivo-facet-orden-del-dia-0912\/","title":{"rendered":"Consejo Directivo FACET \u2013 Orden del D\u00eda 09\/12"},"content":{"rendered":"<p>El d\u00eda mi\u00e9rcoles 9 de diciembre a horas 10:00 se llevar\u00e1 a cabo la Reuni\u00f3n Ordinaria del Consejo Directivo de la FACET para considerar el siguiente:<\/p>\n<ul>\n<li><a href=\"https:\/\/www.facet.unt.edu.ar\/facetinforma\/wp-content\/uploads\/sites\/9\/2015\/12\/Orden-del-d\u00eda-09-12-15.pdf\" target=\"_blank\">Orden del D\u00eda 09\/12\/2015.pdf<\/a><\/li>\n<\/ul>\n","protected":false},"excerpt":{"rendered":"<p>El d\u00eda mi\u00e9rcoles 9 de diciembre a horas 10:00 se llevar\u00e1 a cabo la Reuni\u00f3n Ordinaria del Consejo Directivo de la FACET para considerar el siguiente: Orden del D\u00eda 09\/12\/2015.pdf<\/p>\n","protected":false},"author":6,"featured_media":0,"comment_status":"closed","ping_status":"closed","sticky":false,"template":"","format":"standard","meta":[],"categories":[5],"tags":[],"_links":{"self":[{"href":"https:\/\/www.facet.unt.edu.ar\/facetinforma\/wp-json\/wp\/v2\/posts\/9538"}],"collection":[{"href":"https:\/\/www.facet.unt.edu.ar\/facetinforma\/wp-json\/wp\/v2\/posts"}],"about":[{"href":"https:\/\/www.facet.unt.edu.ar\/facetinforma\/wp-json\/wp\/v2\/types\/post"}],"author":[{"embeddable":true,"href":"https:\/\/www.facet.unt.edu.ar\/facetinforma\/wp-json\/wp\/v2\/users\/6"}],"replies":[{"embeddable":true,"href":"https:\/\/www.facet.unt.edu.ar\/facetinforma\/wp-json\/wp\/v2\/comments?post=9538"}],"version-history":[{"count":2,"href":"https:\/\/www.facet.unt.edu.ar\/facetinforma\/wp-json\/wp\/v2\/posts\/9538\/revisions"}],"predecessor-version":[{"id":9541,"href":"https:\/\/www.facet.unt.edu.ar\/facetinforma\/wp-json\/wp\/v2\/posts\/9538\/revisions\/9541"}],"wp:attachment":[{"href":"https:\/\/www.facet.unt.edu.ar\/facetinforma\/wp-json\/wp\/v2\/media?parent=9538"}],"wp:term":[{"taxonomy":"category","embeddable":true,"href":"https:\/\/www.facet.unt.edu.ar\/facetinforma\/wp-json\/wp\/v2\/categories?post=9538"},{"taxonomy":"post_tag","embeddable":true,"href":"https:\/\/www.facet.unt.edu.ar\/facetinforma\/wp-json\/wp\/v2\/tags?post=9538"}],"curies":[{"name":"wp","href":"https:\/\/api.w.org\/{rel}","templated":true}]}}